{"id":1124,"date":"2005-03-15T14:47:45","date_gmt":"2005-03-15T13:47:45","guid":{"rendered":"https:\/\/vittoriobugli.it\/?p=1124"},"modified":"2025-08-19T14:50:06","modified_gmt":"2025-08-19T12:50:06","slug":"regionali-agenda-fitta-per-bugli-in-vista-delle-elezioni","status":"publish","type":"post","link":"https:\/\/vittoriobugli.it\/?p=1124","title":{"rendered":"Regionali, agenda fitta per Bugli in vista delle elezioni"},"content":{"rendered":"\n<p><em>Il candidato dell&#8217;Ulivo in giro per il Circondario per parlare con la gente<\/em><\/p>\n\n\n\n<p>Una settimana ricca di impegni per Vittorio Bugli, candidato al Consiglio regionale della lista Uniti nell&#8217;Ulivo del Circondario Empolese Valdelsa.<\/p>\n\n\n\n<p>Domani 16 marzo alle 10.00 Bugli sar\u00e0 presente a un presidio informativo allestito al mercato settimanale di Certaldo, in serata alle 21.30 assemblea alla casa del Popolo di Toiano a Vinci.<br>Gioved\u00ec 17 marzo alle 10.00 incontro con i gli ambulanti del mercato settimanale di Empoli, alle 21.30 assemblea pubblica alla Casa del Popolo di Montaione, dove il candidato sar\u00e0 accolto dal sindaco Paola Rossetti. Venerd\u00ec 18 marzo alle 21.30 insieme al segretario Ds della Federazione Empolese Valdelsa, Massimo Talini, Bugli sar\u00e0 al Circolo cooperativo di San Pierino a Fucecchio.<br>Sabato 19 marzo alle 10.00 mercato settimanale di Castelfiorentino, nel pomeriggio passeggiata per le vie del centro di Gambassi Terme insieme al sindaco Federico Campatelli e in serata, alle 21.30, incontro pubblico alla casa del Popolo di Fontanella, dopo il quale verr\u00e0 offerto un buffet.<br>Domenica 20 marzo, la mattina mercato settimanale di Empoli, nel pomeriggio incontro con i cittadini in centro, sempre a Empoli.<br><br>Luned\u00ec 21 marzo due appuntamenti importanti per la campagna elettorale, nel pomeriggio alle 15,30 Guido Sacconi, parlamentare europeo Ds sar\u00e0 alla casa del Popolo di Sovigliana, Vinci, mentre alle 21.30 alla Casa del Popolo di Avane sar\u00e0 ospite il segretario DS regionale Marco Filippeschi.<\/p>\n","protected":false},"excerpt":{"rendered":"<p>Il candidato dell&#8217;Ulivo in giro per il Circondario per parlare con la gente Una settimana ricca di impegni per Vittorio Bugli, candidato al Consiglio regionale della lista Uniti nell&#8217;Ulivo del Circondario Empolese Valdelsa. Domani 16 marzo alle 10.00 Bugli sar\u00e0 presente a un presidio informativo allestito al mercato settimanale di Certaldo, in serata alle 21.30 [&hellip;]<\/p>\n","protected":false},"author":1,"featured_media":1122,"comment_status":"open","ping_status":"open","sticky":false,"template":"","format":"standard","meta":{"om_disable_all_campaigns":false,"_monsterinsights_skip_tracking":false,"_monsterinsights_sitenote_active":false,"_monsterinsights_sitenote_note":"","_monsterinsights_sitenote_category":0,"ocean_post_layout":"","ocean_both_sidebars_style":"","ocean_both_sidebars_content_width":0,"ocean_both_sidebars_sidebars_width":0,"ocean_sidebar":"","ocean_second_sidebar":"","ocean_disable_margins":"enable","ocean_add_body_class":"","ocean_shortcode_before_top_bar":"","ocean_shortcode_after_top_bar":"","ocean_shortcode_before_header":"","ocean_shortcode_after_header":"","ocean_has_shortcode":"","ocean_shortcode_after_title":"","ocean_shortcode_before_footer_widgets":"","ocean_shortcode_after_footer_widgets":"","ocean_shortcode_before_footer_bottom":"","ocean_shortcode_after_footer_bottom":"","ocean_display_top_bar":"default","ocean_display_header":"default","ocean_header_style":"","ocean_center_header_left_menu":"","ocean_custom_header_template":"","ocean_custom_logo":0,"ocean_custom_retina_logo":0,"ocean_custom_logo_max_width":0,"ocean_custom_logo_tablet_max_width":0,"ocean_custom_logo_mobile_max_width":0,"ocean_custom_logo_max_height":0,"ocean_custom_logo_tablet_max_height":0,"ocean_custom_logo_mobile_max_height":0,"ocean_header_custom_menu":"","ocean_menu_typo_font_family":"","ocean_menu_typo_font_subset":"","ocean_menu_typo_font_size":0,"ocean_menu_typo_font_size_tablet":0,"ocean_menu_typo_font_size_mobile":0,"ocean_menu_typo_font_size_unit":"px","ocean_menu_typo_font_weight":"","ocean_menu_typo_font_weight_tablet":"","ocean_menu_typo_font_weight_mobile":"","ocean_menu_typo_transform":"","ocean_menu_typo_transform_tablet":"","ocean_menu_typo_transform_mobile":"","ocean_menu_typo_line_height":0,"ocean_menu_typo_line_height_tablet":0,"ocean_menu_typo_line_height_mobile":0,"ocean_menu_typo_line_height_unit":"","ocean_menu_typo_spacing":0,"ocean_menu_typo_spacing_tablet":0,"ocean_menu_typo_spacing_mobile":0,"ocean_menu_typo_spacing_unit":"","ocean_menu_link_color":"","ocean_menu_link_color_hover":"","ocean_menu_link_color_active":"","ocean_menu_link_background":"","ocean_menu_link_hover_background":"","ocean_menu_link_active_background":"","ocean_menu_social_links_bg":"","ocean_menu_social_hover_links_bg":"","ocean_menu_social_links_color":"","ocean_menu_social_hover_links_color":"","ocean_disable_title":"default","ocean_disable_heading":"default","ocean_post_title":"","ocean_post_subheading":"","ocean_post_title_style":"","ocean_post_title_background_color":"","ocean_post_title_background":0,"ocean_post_title_bg_image_position":"","ocean_post_title_bg_image_attachment":"","ocean_post_title_bg_image_repeat":"","ocean_post_title_bg_image_size":"","ocean_post_title_height":0,"ocean_post_title_bg_overlay":0.5,"ocean_post_title_bg_overlay_color":"","ocean_disable_breadcrumbs":"default","ocean_breadcrumbs_color":"","ocean_breadcrumbs_separator_color":"","ocean_breadcrumbs_links_color":"","ocean_breadcrumbs_links_hover_color":"","ocean_display_footer_widgets":"default","ocean_display_footer_bottom":"default","ocean_custom_footer_template":"","ocean_post_oembed":"","ocean_post_self_hosted_media":"","ocean_post_video_embed":"","ocean_link_format":"","ocean_link_format_target":"self","ocean_quote_format":"","ocean_quote_format_link":"post","ocean_gallery_link_images":"on","ocean_gallery_id":[],"footnotes":""},"categories":[1],"tags":[82,60,93],"class_list":["post-1124","post","type-post","status-publish","format-standard","has-post-thumbnail","hentry","category-blog","tag-elezioni","tag-politica","tag-ulivo","entry","has-media"],"aioseo_notices":[],"_links":{"self":[{"href":"https:\/\/vittoriobugli.it\/index.php?rest_route=\/wp\/v2\/posts\/1124","targetHints":{"allow":["GET"]}}],"collection":[{"href":"https:\/\/vittoriobugli.it\/index.php?rest_route=\/wp\/v2\/posts"}],"about":[{"href":"https:\/\/vittoriobugli.it\/index.php?rest_route=\/wp\/v2\/types\/post"}],"author":[{"embeddable":true,"href":"https:\/\/vittoriobugli.it\/index.php?rest_route=\/wp\/v2\/users\/1"}],"replies":[{"embeddable":true,"href":"https:\/\/vittoriobugli.it\/index.php?rest_route=%2Fwp%2Fv2%2Fcomments&post=1124"}],"version-history":[{"count":1,"href":"https:\/\/vittoriobugli.it\/index.php?rest_route=\/wp\/v2\/posts\/1124\/revisions"}],"predecessor-version":[{"id":1125,"href":"https:\/\/vittoriobugli.it\/index.php?rest_route=\/wp\/v2\/posts\/1124\/revisions\/1125"}],"wp:featuredmedia":[{"embeddable":true,"href":"https:\/\/vittoriobugli.it\/index.php?rest_route=\/wp\/v2\/media\/1122"}],"wp:attachment":[{"href":"https:\/\/vittoriobugli.it\/index.php?rest_route=%2Fwp%2Fv2%2Fmedia&parent=1124"}],"wp:term":[{"taxonomy":"category","embeddable":true,"href":"https:\/\/vittoriobugli.it\/index.php?rest_route=%2Fwp%2Fv2%2Fcategories&post=1124"},{"taxonomy":"post_tag","embeddable":true,"href":"https:\/\/vittoriobugli.it\/index.php?rest_route=%2Fwp%2Fv2%2Ftags&post=1124"}],"curies":[{"name":"wp","href":"https:\/\/api.w.org\/{rel}","templated":true}]}}