{"id":1128,"date":"2005-03-01T14:56:00","date_gmt":"2005-03-01T13:56:00","guid":{"rendered":"https:\/\/vittoriobugli.it\/?p=1128"},"modified":"2025-08-20T11:28:48","modified_gmt":"2025-08-20T09:28:48","slug":"regionali-il-programma","status":"publish","type":"post","link":"https:\/\/vittoriobugli.it\/?p=1128","title":{"rendered":"Regionali, il programma"},"content":{"rendered":"\n<figure class=\"wp-block-table\"><table class=\"has-fixed-layout\"><tbody><tr><td class=\"has-text-align-center\" data-align=\"center\">AUTONOMIA ISTITUZIONALE<\/td><\/tr><\/tbody><\/table><\/figure>\n\n\n\n<p>In questi anni abbiamo lavorato tutti insieme per un progetto: <strong>aprire e \u00abmettere a disposizione\u00bb dello sviluppo regionale il nostro territorio, cos\u00ec centrale e importante, e nel contempo ottenere pi\u00f9 forza e ruolo in Toscana<\/strong>. Abbiamo cos\u00ec ottenuto importanti riconoscimenti. Primo tra tutti l&#8217;istituzione del <strong>Circondario<\/strong>, uno strumento vicino ai cittadini e alle Istituzioni dell&#8217;Empolese Valdelsa che svolge compiti che erano della Provincia o della Regione.<br>Occorre che la Regione trasferisca nuove competenze e vada ulteriormente avanti il processo di autonomia istituzionale.<br><\/p>\n\n\n\n<figure class=\"wp-block-table\"><table class=\"has-fixed-layout\"><tbody><tr><td class=\"has-text-align-center\" data-align=\"center\">SVILUPPO ECONOMICO<\/td><\/tr><\/tbody><\/table><\/figure>\n\n\n\n<p>In questi anni il <strong>sistema economico<\/strong> e quello dei Comuni hanno saputo fare squadra e realizzare scelte concordate e in piena sintonia. Molte aree industriali hanno preso il via. L&#8217;<em>Agenzia per lo Sviluppo<\/em> \u00e8 oramai uno strumento di tutti che ha operato per la formazione di tante persone escluse dal mondo del lavoro, favorendone un inserimento o reinserimento, e dando vita a un sistema integrato di politiche attive per il lavoro e servizi per l&#8217;impiego.<br>La crisi economica che investe il paese e la Toscana, causata in larga parte dall&#8217;inesistenza di politiche nazionali a difesa dei settori produttivi e delle esportazioni, richiede anche per il nostro territorio la necessit\u00e0 di guardare con attenzione allo sviluppo futuro e disegnarlo mettendo al centro il settore produttivo e l&#8217;innovazione. L&#8217;Agenzia di Sviluppo pu\u00f2 essere utilizzata in una chiave pi\u00f9 evoluta che sappia costruire progetti utili allo sviluppo. Progetti che siano incentrati sulla qualit\u00e0 del sistema, l&#8217;innovazione, l&#8217;utilizzo del talento e dell&#8217;operosit\u00e0 dei giovani, la coesione; siano fondati sulla qualit\u00e0 dl lavoro per ottenere il meglio dai giovani e dalle persone non attraverso una progressiva precarizzazione delle loro condizioni di vita, ma attraverso una qualificazione dei loro diritti e delle loro qualit\u00e0. Ci deve essere un rapporto innovativo con il sistema del credito, delle fondazioni bancarie e con la camera di commercio. La Regione e le istituzioni superiori devono dare il loro sostegno.<br><\/p>\n\n\n\n<figure class=\"wp-block-table\"><table class=\"has-fixed-layout\"><tbody><tr><td class=\"has-text-align-center\" data-align=\"center\">SVILUPPO DELLE INFRASTRUTTURE<\/td><\/tr><\/tbody><\/table><\/figure>\n\n\n\n<p>Molte sono state le <strong>infrastrutture<\/strong> che sono state finanziate dalla Regione in questi anni: il tratto in corso di realizzazione della <em>strada <\/em><em>429<\/em> di Certaldo e quello tra Empoli e Castelfiorentino che presto sar\u00e0 appaltato; il nuovo svincolo, gi\u00e0 appaltato, di Empoli S.Maria della FIPILI e il rifacimento di quello di Empoli Est che presto sar\u00e0 appaltato; il miglioramento della <em>linea ferroviaria<\/em> Empoli-Siena e della stazione di Empoli, i cui lavori sono in corso di realizzazione; le <em>opere di salvaguardia idraulica<\/em> per l&#8217;Elsa e l&#8217;Arno che annullano i rischi delle esondazioni in caso di eventi come quelli avuti nel tempo.<br>Occorre fare in modo che venga proseguita questa politica di investimenti sul nostro territorio, dal nuovo ponte tra Montelupo e Limite, al rifacimento di quello tra Empoli e Sovigliana, alla viabilit\u00e0 verso la Valdinievole, al quadruplicamento della linea ferroviaria fino a Empoli.<br><\/p>\n\n\n\n<figure class=\"wp-block-table\"><table class=\"has-fixed-layout\"><tbody><tr><td class=\"has-text-align-center\" data-align=\"center\">GIOVANI E FORMAZIONE<\/td><\/tr><\/tbody><\/table><\/figure>\n\n\n\n<p>Molto abbiamo investito per <strong>i giovani<\/strong> e la loro formazione, legando le scelte del loro futuro a quello del futuro delle imprese e del territorio. Sono nati nuovi indirizzi di <em>scuola superiore<\/em> con una crescita da 5.000 a 6.500 studenti negli ultimi 5 anni; \u00e8 nato il <em>Polo Universitario<\/em> con 9 corsi di laurea e 1.200 iscritti.<br>Occorre adesso consolidare e ampliare la presenza dell&#8217;Universit\u00e0 come valore importante per l&#8217;arricchimento culturale del territorio e riuscire a tenerla sempre pi\u00f9 in contatto con le imprese e le Istituzioni per stimolare e rendere efficace l&#8217;innovazione e la ricerca.<br><\/p>\n\n\n\n<figure class=\"wp-block-table\"><table class=\"has-fixed-layout\"><tbody><tr><td class=\"has-text-align-center\" data-align=\"center\">AMBIENTE<\/td><\/tr><\/tbody><\/table><\/figure>\n\n\n\n<p>Abbiamo lavorato per l&#8217; <strong>ambiente<\/strong> e la <em>valorizzazione dei nostri fiumi <\/em>, prima di tutto l&#8217;Arno, della nostra <em>campagna<\/em> e del <em>territorio<\/em> svolgendo iniziative e inserendo il valore ambientale negli obiettivi della pianificazione urbanistica e delle azioni per il turismo ambientale e agricolo, del lavoro delle nostre aziende di servizi pubblici acqua, gas e rifiuti (altissima \u00e8 la percentuale di raccolta differenziata) e nei progetti verso le imprese per migliorarne la sostenibilit\u00e0 ambientale.<br>Occorre lavorare per favorire progetti di certificazione ambientale per le imprese, rendere usufruibili gli spazi intorno ai corsi d&#8217;acqua attraverso la realizzazione di un unico parco fluviale, completare i progetti di salvaguardia del rischio idraulico e geologico, realizzare percorsi ciclabili in tutti i comuni, incentivare l&#8217;uso del servizio pubblico in alternativa a quello veicolare, sostenere le azioni contro l&#8217;inquinamento da traffico e da riscaldamento, pianificare interventi contro l&#8217;inquinamento elettromagnetico.<br><\/p>\n\n\n\n<figure class=\"wp-block-table\"><table class=\"has-fixed-layout\"><tbody><tr><td class=\"has-text-align-center\" data-align=\"center\">SERVIZI PUBBLICI<\/td><\/tr><\/tbody><\/table><\/figure>\n\n\n\n<p>Abbiamo costruito un sistema di aziende a disposizione delle famiglie e delle imprese per la gestione dei <strong>servizi pubblici<\/strong> di acqua, gas e rifiuti mettendo a disposizione della Toscana l&#8217;idea di costruire un vero strumento industriale di dimensioni regionali in grado di fare investimenti e raggiungere economie di scala tari da contenere le tariffe. Il tutto con il controllo della maggioranza pubblica e salvaguardando la propriet\u00e0 pubblica di beni essenziali come l&#8217;acqua.<br>Occorre adesso proseguire su questa strada rafforzando industrialmente le aziende per renderle ancora pi\u00f9 efficienti e garantendo il controllo dei Comuni e dei cittadini. Se una necessit\u00e0 sono aziende pi\u00f9 grandi e industrialmente pi\u00f9 forti, se vogliamo che i cittadini continuino a sentire loro questo patrimonio occorre che la Regione costruisca strumenti che consentono di controllare e verificare la loro attivit\u00e0.<br><\/p>\n\n\n\n<figure class=\"wp-block-table\"><table class=\"has-fixed-layout\"><tbody><tr><td class=\"has-text-align-center\" data-align=\"center\">SERVIZI SOCIALI E SANITARI<\/td><\/tr><\/tbody><\/table><\/figure>\n\n\n\n<p>Abbiamo lavorato per un sistema dei <strong>servizi sociali e sanitari<\/strong> proprio del territorio e qualitativamente avanzato, andando a completare la rete delle Case di Riposo e degli altri centri per le persone non autosufficienti e ottenendo il finanziamento e l&#8217;esecuzione del Nuovo Ospedale di Empoli come struttura fondamentale per il futuro della nostra sanit\u00e0.<br>Accanto alla massima attenzione perch\u00e9 il Nuovo Ospedale venga completato nel pi\u00f9 breve tempo possibile, occorre lavorare perch\u00e9 l&#8217;obiettivo della \u00absalute per tutti\u00bb divenga quello di tutta la comunit\u00e0 coinvolgendo i cittadini, le loro organizzazioni, le associazioni di volontariato, la cooperazione sociale e i Comuni nell&#8217;integrazione tra sociale e sanitario attraverso la Societ\u00e0 della Salute come strumento di tutti che riporta alla comunit\u00e0 molte scelte sul futuro della Sanit\u00e0.<br><\/p>\n\n\n\n<figure class=\"wp-block-table\"><table class=\"has-fixed-layout\"><tbody><tr><td class=\"has-text-align-center\" data-align=\"center\">VALORI DEL NOSTRO TERRITORIO<\/td><\/tr><\/tbody><\/table><\/figure>\n\n\n\n<p>Un territorio \u00e8 tale se sono ben radicati i suoi <strong>valori<\/strong>. In questi anni si sono rafforzati quei valori che ci hanno contraddistinto negli ultimi 60 anni. Il valore della Pace contro la Guerra, della solidariet\u00e0 contro gli individualismi, dell&#8217;inclusione contro l&#8217;esclusione, della cooperazione internazionale contro la chiusura localistica, della partecipazione e della democrazia contro il verticismo e gli autoritarismi.<br>Su questi temi continueremo a essere un territorio che opera a fianco della Regione per far essere questi valori ben saldi nelle coscienze e nella vita dei giovani e delle persone. Per un futuro all&#8217;altezza della nostra storia e la nostra cultura<\/p>\n\n\n\n<figure class=\"wp-block-image size-large\"><img loading=\"lazy\" decoding=\"async\" width=\"728\" height=\"1024\" src=\"https:\/\/vittoriobugli.it\/wp-content\/uploads\/2005\/03\/folderreg1-728x1024.png\" alt=\"\" class=\"wp-image-1148\" srcset=\"https:\/\/vittoriobugli.it\/wp-content\/uploads\/2005\/03\/folderreg1-728x1024.png 728w, https:\/\/vittoriobugli.it\/wp-content\/uploads\/2005\/03\/folderreg1-213x300.png 213w, https:\/\/vittoriobugli.it\/wp-content\/uploads\/2005\/03\/folderreg1-768x1080.png 768w, https:\/\/vittoriobugli.it\/wp-content\/uploads\/2005\/03\/folderreg1.png 848w\" sizes=\"auto, (max-width: 728px) 100vw, 728px\" \/><\/figure>\n\n\n\n<figure class=\"wp-block-image size-large\"><img loading=\"lazy\" decoding=\"async\" width=\"725\" height=\"1024\" src=\"https:\/\/vittoriobugli.it\/wp-content\/uploads\/2005\/03\/folderregionalibugli-2-725x1024.jpg\" alt=\"\" class=\"wp-image-1149\" srcset=\"https:\/\/vittoriobugli.it\/wp-content\/uploads\/2005\/03\/folderregionalibugli-2-725x1024.jpg 725w, https:\/\/vittoriobugli.it\/wp-content\/uploads\/2005\/03\/folderregionalibugli-2-212x300.jpg 212w, https:\/\/vittoriobugli.it\/wp-content\/uploads\/2005\/03\/folderregionalibugli-2-768x1084.jpg 768w, https:\/\/vittoriobugli.it\/wp-content\/uploads\/2005\/03\/folderregionalibugli-2.jpg 828w\" sizes=\"auto, (max-width: 725px) 100vw, 725px\" \/><\/figure>\n","protected":false},"excerpt":{"rendered":"<p>AUTONOMIA ISTITUZIONALE In questi anni abbiamo lavorato tutti insieme per un progetto: aprire e \u00abmettere a disposizione\u00bb dello sviluppo regionale il nostro territorio, cos\u00ec centrale e importante, e nel contempo ottenere pi\u00f9 forza e ruolo in Toscana. Abbiamo cos\u00ec ottenuto importanti riconoscimenti. Primo tra tutti l&#8217;istituzione del Circondario, uno strumento vicino ai cittadini e alle [&hellip;]<\/p>\n","protected":false},"author":1,"featured_media":1122,"comment_status":"open","ping_status":"open","sticky":false,"template":"","format":"standard","meta":{"om_disable_all_campaigns":false,"_monsterinsights_skip_tracking":false,"_monsterinsights_sitenote_active":false,"_monsterinsights_sitenote_note":"","_monsterinsights_sitenote_category":0,"ocean_post_layout":"","ocean_both_sidebars_style":"","ocean_both_sidebars_content_width":0,"ocean_both_sidebars_sidebars_width":0,"ocean_sidebar":"","ocean_second_sidebar":"","ocean_disable_margins":"enable","ocean_add_body_class":"","ocean_shortcode_before_top_bar":"","ocean_shortcode_after_top_bar":"","ocean_shortcode_before_header":"","ocean_shortcode_after_header":"","ocean_has_shortcode":"","ocean_shortcode_after_title":"","ocean_shortcode_before_footer_widgets":"","ocean_shortcode_after_footer_widgets":"","ocean_shortcode_before_footer_bottom":"","ocean_shortcode_after_footer_bottom":"","ocean_display_top_bar":"default","ocean_display_header":"default","ocean_header_style":"","ocean_center_header_left_menu":"","ocean_custom_header_template":"","ocean_custom_logo":0,"ocean_custom_retina_logo":0,"ocean_custom_logo_max_width":0,"ocean_custom_logo_tablet_max_width":0,"ocean_custom_logo_mobile_max_width":0,"ocean_custom_logo_max_height":0,"ocean_custom_logo_tablet_max_height":0,"ocean_custom_logo_mobile_max_height":0,"ocean_header_custom_menu":"","ocean_menu_typo_font_family":"","ocean_menu_typo_font_subset":"","ocean_menu_typo_font_size":0,"ocean_menu_typo_font_size_tablet":0,"ocean_menu_typo_font_size_mobile":0,"ocean_menu_typo_font_size_unit":"px","ocean_menu_typo_font_weight":"","ocean_menu_typo_font_weight_tablet":"","ocean_menu_typo_font_weight_mobile":"","ocean_menu_typo_transform":"","ocean_menu_typo_transform_tablet":"","ocean_menu_typo_transform_mobile":"","ocean_menu_typo_line_height":0,"ocean_menu_typo_line_height_tablet":0,"ocean_menu_typo_line_height_mobile":0,"ocean_menu_typo_line_height_unit":"","ocean_menu_typo_spacing":0,"ocean_menu_typo_spacing_tablet":0,"ocean_menu_typo_spacing_mobile":0,"ocean_menu_typo_spacing_unit":"","ocean_menu_link_color":"","ocean_menu_link_color_hover":"","ocean_menu_link_color_active":"","ocean_menu_link_background":"","ocean_menu_link_hover_background":"","ocean_menu_link_active_background":"","ocean_menu_social_links_bg":"","ocean_menu_social_hover_links_bg":"","ocean_menu_social_links_color":"","ocean_menu_social_hover_links_color":"","ocean_disable_title":"default","ocean_disable_heading":"default","ocean_post_title":"","ocean_post_subheading":"","ocean_post_title_style":"","ocean_post_title_background_color":"","ocean_post_title_background":0,"ocean_post_title_bg_image_position":"","ocean_post_title_bg_image_attachment":"","ocean_post_title_bg_image_repeat":"","ocean_post_title_bg_image_size":"","ocean_post_title_height":0,"ocean_post_title_bg_overlay":0.5,"ocean_post_title_bg_overlay_color":"","ocean_disable_breadcrumbs":"default","ocean_breadcrumbs_color":"","ocean_breadcrumbs_separator_color":"","ocean_breadcrumbs_links_color":"","ocean_breadcrumbs_links_hover_color":"","ocean_display_footer_widgets":"default","ocean_display_footer_bottom":"default","ocean_custom_footer_template":"","ocean_post_oembed":"","ocean_post_self_hosted_media":"","ocean_post_video_embed":"","ocean_link_format":"","ocean_link_format_target":"self","ocean_quote_format":"","ocean_quote_format_link":"post","ocean_gallery_link_images":"on","ocean_gallery_id":[],"footnotes":""},"categories":[1],"tags":[82,60,93],"class_list":["post-1128","post","type-post","status-publish","format-standard","has-post-thumbnail","hentry","category-blog","tag-elezioni","tag-politica","tag-ulivo","entry","has-media"],"aioseo_notices":[],"_links":{"self":[{"href":"https:\/\/vittoriobugli.it\/index.php?rest_route=\/wp\/v2\/posts\/1128","targetHints":{"allow":["GET"]}}],"collection":[{"href":"https:\/\/vittoriobugli.it\/index.php?rest_route=\/wp\/v2\/posts"}],"about":[{"href":"https:\/\/vittoriobugli.it\/index.php?rest_route=\/wp\/v2\/types\/post"}],"author":[{"embeddable":true,"href":"https:\/\/vittoriobugli.it\/index.php?rest_route=\/wp\/v2\/users\/1"}],"replies":[{"embeddable":true,"href":"https:\/\/vittoriobugli.it\/index.php?rest_route=%2Fwp%2Fv2%2Fcomments&post=1128"}],"version-history":[{"count":2,"href":"https:\/\/vittoriobugli.it\/index.php?rest_route=\/wp\/v2\/posts\/1128\/revisions"}],"predecessor-version":[{"id":1150,"href":"https:\/\/vittoriobugli.it\/index.php?rest_route=\/wp\/v2\/posts\/1128\/revisions\/1150"}],"wp:featuredmedia":[{"embeddable":true,"href":"https:\/\/vittoriobugli.it\/index.php?rest_route=\/wp\/v2\/media\/1122"}],"wp:attachment":[{"href":"https:\/\/vittoriobugli.it\/index.php?rest_route=%2Fwp%2Fv2%2Fmedia&parent=1128"}],"wp:term":[{"taxonomy":"category","embeddable":true,"href":"https:\/\/vittoriobugli.it\/index.php?rest_route=%2Fwp%2Fv2%2Fcategories&post=1128"},{"taxonomy":"post_tag","embeddable":true,"href":"https:\/\/vittoriobugli.it\/index.php?rest_route=%2Fwp%2Fv2%2Ftags&post=1128"}],"curies":[{"name":"wp","href":"https:\/\/api.w.org\/{rel}","templated":true}]}}