{"id":1134,"date":"2008-09-01T15:24:00","date_gmt":"2008-09-01T13:24:00","guid":{"rendered":"https:\/\/vittoriobugli.it\/?p=1134"},"modified":"2025-08-19T15:41:20","modified_gmt":"2025-08-19T13:41:20","slug":"presentata-una-proposta-di-legge-sulle-eccedenze-alimentari","status":"publish","type":"post","link":"https:\/\/vittoriobugli.it\/?p=1134","title":{"rendered":"Presentata una proposta di legge sulle eccedenze alimentari"},"content":{"rendered":"<p>Insieme ad altri consiglieri regionali sono firmatario di una proposta di Legge sulle Eccedenze alimentari. Ecco il testo della proposta di legge regionale:<br \/>\nPdl 192 -Interventi per combattere la povert\u00e0 ed il disagio sociale attraverso la redistribuzione delle eccedenze alimentari<\/p>\n<p>Art. 1 (Finalit\u00e0)<br \/>\nLa Regione Toscana, nell&#8217;ambito delle politiche di solidariet\u00e0 sociale, riconosce, valorizza e promuove l&#8217;attivit\u00e0 svolta per il recupero delle eccedenze alimentari e per la loro redistribuzione ai soggetti che assistono persone in stato di grave disagio sociale e di indigenza.<\/p>\n<p>Art. 2 (Soggetti)<br \/>\n1.-La Regione assume le finalit\u00e0 di cui all&#8217;articolo 1, avvalendosi per il perseguimento delle stesse, di enti ed associazioni no profit in possesso di certificata e documentata attivit\u00e0 esercitata su dimensione regionale, a livello continuativo, da almeno cinque anni.<\/p>\n<p>Art. 3 (Interventi)<br \/>\n1.-La Regione, in attuazione delle finalit\u00e0 di cui all&#8217;articolo 1, individua gli obiettivi e le modalit\u00e0 di intervento e di sostegno operativo e finanziario mediante la predisposizione di un programma di interventi a valenza triennale.<br \/>\n2.-Il programma persegue i seguenti obiettivi:<br \/>\na. l&#8217;attenuazione delle condizioni di disagio delle persone e delle famiglie, attraverso la raccolta e la distribuzione di generi alimentari agli enti che operano nel settore assistenziale<br \/>\nb. la promozione e il sostegno di specifici progetti formativi inerenti la diffusione di una corretta cultura della nutrizione da attuarsi anche mediante apposite azioni di informazione rivolte verso la collettivit\u00e0;<br \/>\nc. la costituzione di modelli di partnership consistenti nella definizione di accordi di collaborazione tra le aziende del settore alimentare , della grande distribuzione alimentare e della ristorazione collettiva con gli enti assistenziali favorendo la cessione di beni non commerciabili ma ancora commestibili<br \/>\nd. la predisposizione di progetti di informatizzazione e di formazione professionale a sostegno delle attivit\u00e0 di recupero e distribuzione delle eccedenze alimentari<br \/>\ne. I rapporti tra la Regione e i soggetti individuati dal programma di cui al precedente comma, sono regolati da un&#8217;apposita convenzione approvata dalla Giunta regionale.<br \/>\nf. La convenzione prevede le modalit\u00e0 e i tempi di realizzazione degli interventi e dei servizi prestati nonch\u00e9 le modalit\u00e0 per la verifica dello svolgimento degli stessi e per l&#8217;erogazione di risorse economiche da parte della Regione Toscana.<\/p>\n<p>Art. 4 ( Norma Finanziaria)<br \/>\nPer il programma pluriennale di cui all&#8217;articolo 3 \u00e8 autorizzata la spesa complessiva per il triennio 2008\/2010 di euro 150.000,00 di cui euro 50.000,00 per il 2008, euro 50.000,00 per il 2009 ed euro 50.000,00 per il 2010 a valere sulla UPB 234 &#8220;Programmi ed azioni per il sostegno dell&#8217;inclusione sociale spese correnti&#8221;.<\/p>\n","protected":false},"excerpt":{"rendered":"<p>Insieme ad altri consiglieri regionali sono firmatario di una proposta di Legge sulle Eccedenze alimentari. Ecco il testo della proposta di legge regionale: Pdl 192 -Interventi per combattere la povert\u00e0 ed il disagio sociale attraverso la redistribuzione delle eccedenze alimentari Art. 1 (Finalit\u00e0) La Regione Toscana, nell&#8217;ambito delle politiche di solidariet\u00e0 sociale, riconosce, valorizza e [&hellip;]<\/p>\n","protected":false},"author":1,"featured_media":1136,"comment_status":"open","ping_status":"open","sticky":false,"template":"","format":"standard","meta":{"om_disable_all_campaigns":false,"_monsterinsights_skip_tracking":false,"_monsterinsights_sitenote_active":false,"_monsterinsights_sitenote_note":"","_monsterinsights_sitenote_category":0,"ocean_post_layout":"","ocean_both_sidebars_style":"","ocean_both_sidebars_content_width":0,"ocean_both_sidebars_sidebars_width":0,"ocean_sidebar":"","ocean_second_sidebar":"","ocean_disable_margins":"enable","ocean_add_body_class":"","ocean_shortcode_before_top_bar":"","ocean_shortcode_after_top_bar":"","ocean_shortcode_before_header":"","ocean_shortcode_after_header":"","ocean_has_shortcode":"","ocean_shortcode_after_title":"","ocean_shortcode_before_footer_widgets":"","ocean_shortcode_after_footer_widgets":"","ocean_shortcode_before_footer_bottom":"","ocean_shortcode_after_footer_bottom":"","ocean_display_top_bar":"default","ocean_display_header":"default","ocean_header_style":"","ocean_center_header_left_menu":"","ocean_custom_header_template":"","ocean_custom_logo":0,"ocean_custom_retina_logo":0,"ocean_custom_logo_max_width":0,"ocean_custom_logo_tablet_max_width":0,"ocean_custom_logo_mobile_max_width":0,"ocean_custom_logo_max_height":0,"ocean_custom_logo_tablet_max_height":0,"ocean_custom_logo_mobile_max_height":0,"ocean_header_custom_menu":"","ocean_menu_typo_font_family":"","ocean_menu_typo_font_subset":"","ocean_menu_typo_font_size":0,"ocean_menu_typo_font_size_tablet":0,"ocean_menu_typo_font_size_mobile":0,"ocean_menu_typo_font_size_unit":"px","ocean_menu_typo_font_weight":"","ocean_menu_typo_font_weight_tablet":"","ocean_menu_typo_font_weight_mobile":"","ocean_menu_typo_transform":"","ocean_menu_typo_transform_tablet":"","ocean_menu_typo_transform_mobile":"","ocean_menu_typo_line_height":0,"ocean_menu_typo_line_height_tablet":0,"ocean_menu_typo_line_height_mobile":0,"ocean_menu_typo_line_height_unit":"","ocean_menu_typo_spacing":0,"ocean_menu_typo_spacing_tablet":0,"ocean_menu_typo_spacing_mobile":0,"ocean_menu_typo_spacing_unit":"","ocean_menu_link_color":"","ocean_menu_link_color_hover":"","ocean_menu_link_color_active":"","ocean_menu_link_background":"","ocean_menu_link_hover_background":"","ocean_menu_link_active_background":"","ocean_menu_social_links_bg":"","ocean_menu_social_hover_links_bg":"","ocean_menu_social_links_color":"","ocean_menu_social_hover_links_color":"","ocean_disable_title":"default","ocean_disable_heading":"default","ocean_post_title":"","ocean_post_subheading":"","ocean_post_title_style":"","ocean_post_title_background_color":"","ocean_post_title_background":0,"ocean_post_title_bg_image_position":"","ocean_post_title_bg_image_attachment":"","ocean_post_title_bg_image_repeat":"","ocean_post_title_bg_image_size":"","ocean_post_title_height":0,"ocean_post_title_bg_overlay":0.5,"ocean_post_title_bg_overlay_color":"","ocean_disable_breadcrumbs":"default","ocean_breadcrumbs_color":"","ocean_breadcrumbs_separator_color":"","ocean_breadcrumbs_links_color":"","ocean_breadcrumbs_links_hover_color":"","ocean_display_footer_widgets":"default","ocean_display_footer_bottom":"default","ocean_custom_footer_template":"","ocean_post_oembed":"","ocean_post_self_hosted_media":"","ocean_post_video_embed":"","ocean_link_format":"","ocean_link_format_target":"self","ocean_quote_format":"","ocean_quote_format_link":"post","ocean_gallery_link_images":"on","ocean_gallery_id":[],"footnotes":""},"categories":[1],"tags":[29,89,26],"class_list":["post-1134","post","type-post","status-publish","format-standard","has-post-thumbnail","hentry","category-blog","tag-consigliere-regionale","tag-presidentecommissioneeconomia","tag-sociale","entry","has-media"],"aioseo_notices":[],"_links":{"self":[{"href":"https:\/\/vittoriobugli.it\/index.php?rest_route=\/wp\/v2\/posts\/1134","targetHints":{"allow":["GET"]}}],"collection":[{"href":"https:\/\/vittoriobugli.it\/index.php?rest_route=\/wp\/v2\/posts"}],"about":[{"href":"https:\/\/vittoriobugli.it\/index.php?rest_route=\/wp\/v2\/types\/post"}],"author":[{"embeddable":true,"href":"https:\/\/vittoriobugli.it\/index.php?rest_route=\/wp\/v2\/users\/1"}],"replies":[{"embeddable":true,"href":"https:\/\/vittoriobugli.it\/index.php?rest_route=%2Fwp%2Fv2%2Fcomments&post=1134"}],"version-history":[{"count":2,"href":"https:\/\/vittoriobugli.it\/index.php?rest_route=\/wp\/v2\/posts\/1134\/revisions"}],"predecessor-version":[{"id":1139,"href":"https:\/\/vittoriobugli.it\/index.php?rest_route=\/wp\/v2\/posts\/1134\/revisions\/1139"}],"wp:featuredmedia":[{"embeddable":true,"href":"https:\/\/vittoriobugli.it\/index.php?rest_route=\/wp\/v2\/media\/1136"}],"wp:attachment":[{"href":"https:\/\/vittoriobugli.it\/index.php?rest_route=%2Fwp%2Fv2%2Fmedia&parent=1134"}],"wp:term":[{"taxonomy":"category","embeddable":true,"href":"https:\/\/vittoriobugli.it\/index.php?rest_route=%2Fwp%2Fv2%2Fcategories&post=1134"},{"taxonomy":"post_tag","embeddable":true,"href":"https:\/\/vittoriobugli.it\/index.php?rest_route=%2Fwp%2Fv2%2Ftags&post=1134"}],"curies":[{"name":"wp","href":"https:\/\/api.w.org\/{rel}","templated":true}]}}