{"id":1151,"date":"2008-07-10T12:33:00","date_gmt":"2008-07-10T10:33:00","guid":{"rendered":"https:\/\/vittoriobugli.it\/?p=1151"},"modified":"2025-08-20T12:38:07","modified_gmt":"2025-08-20T10:38:07","slug":"approvato-il-pier-piano-di-indirizzo-energetico-regionale","status":"publish","type":"post","link":"https:\/\/vittoriobugli.it\/?p=1151","title":{"rendered":"Approvato il PIER \u2013 Piano di Indirizzo Energetico Regionale"},"content":{"rendered":"<p>Nella seduta di Gioved\u00ec 10 Luglio il Consiglio Regionale ha approvato il testo del PIER &#8211; Piano di Indirizzo Energetico Regionale.<br \/>\n\u00c8 un Piano proiettato alla \u201cdata traguardo\u201d del 2020. Data che nel marzo 2007 il Piano d\u2019Azione del Consiglio Europeo denominato \u201cUna politica energetica per l\u2019Europa\u201d ha fissato come termine ultimo per arrivare alla riduzione del 20 per cento delle emissioni di anidride carbonica, migliorare del 20 per cento l\u2019efficienza energetica dell\u2019Unione europea, incrementare la percentuale dell\u2019energia ricavata da fonti rinnovabili fino al 20 per cento. Tre le direttrici sulle quali si muove il Piano di indirizzo della Regione Toscana. Primo filone quello della programmazione con una previsione di riduzione CO2, miglioramento di efficienza energetica e incremento di quella prodotta da fonti rinnovabili, perfettamente in linea con le direttive europee ma con l\u2019ambizione di portare la nostra Regione ad un livello che supera abbondantemente il 20 per cento fino ad arrivare al 50. Seconda direttrice, la semplificazione che il Pier declina in voci di maggiore certezza quali pi\u00f9 uniformit\u00e0 e meno carico burocratico per i cittadini. Terzo filone, l\u2019azione di indirizzo, con strumenti in campo per realizzare i tre obiettivi assunti a livello europeo. Ma il Piano va oltre. Si lavora alla creazione di una vera e propria industria delle rinnovabili in Toscana, mentre si prevedono forti azioni di approfondimento sul fronte dell\u2019informazione, della comunicazione e della formazione per arrivare ad una vera e propria rivoluzione culturale in tema di risparmio energetico. Per quanto riguarda le risorse necessarie all\u2019attuazione delle azioni previste dal Pier per raggiungere gli obiettivi del 2020, la domanda di contribuzione pubblica \u00e8 pari a 500milioni di Euro per il periodo 2007-2020. La Regione, attraverso gli strumenti di programmazione comunitaria e regionale, prevede finanziamenti pari a 15,3milioni di Euro l\u2019anno fino al 2010 articolata su pi\u00f9 fronti: risorse comunitarie per l\u2019Asse III \u201cCompetitivit\u00e0 e sostenibilit\u00e0 del sistema energetico\u201d disponibili fino al 2013; risorse comunitarie per l\u2019Asse I \u201dRicerca, sviluppo e trasferimento tecnologico\u201d; risorse regionali libere pari a circa 6,5milioni fino al 2010 a favore di interventi in materia di sviluppo dell\u2019efficienza energetica e delle fonti rinnovabili da parte di enti pubblici e soggetti privati. La quota impiegata annualmente alla Regione per finanziare interventi di miglioramento dell\u2019efficienza energetica, di sviluppo delle rinnovabili e di ricerca, ammonta a poco meno di 17milioni di Euro. Sul piano formale, il Pier viene attuato con deliberazione annuale della Giunta con la quale si specificano gli obiettivi operativi, si individuano le modalit\u00e0 di intervento e si definisce il quadro finanziario sulla base del bilancio di previsione. Le risorse regionali, possono inoltre essere aggiornate di anno in anno in sede di manovra di bilancio. A livello regionale, il Pier indica l\u2019entrata in vigore di due nuove centrali elettriche. Una a Santa Barbara, Cavriglia (Ar), di potenza nominale pari a 390 Mw che funzioner\u00e0 a gas metano ed assicurer\u00e0 una producibilit\u00e0 di 3120 Gwh l\u2019anno. La seconda centrale \u00e8 quella di Roselectra a Rosignano (Li) di potenza nominale di 400Kw anch\u2019essa funzioner\u00e0 a gas metano per assicurare una producibilit\u00e0 di 3200Mw. Sul fronte dello sviluppo delle coltivazioni per la produzione di biocarburanti, soprattutto girasoli, si stima che a livello regionale sono circa 81mila gli ettari di superficie che pu\u00f2 essere destinata alle produzioni energetiche, con particolare riguardo alle terre marginali. Tale stima impone la massima attenzione agli impatti sulla risorsa idrica. In materia di carburanti per il settore dei trasporti, il Pier propone l\u2019impiego dei biocarburanti \u2013 unica fonte di energia rinnovabile in forma liquida disponibile sul mercato \u2013 come sostituto di gasolio e benzina, in alternativa ai combustibili fossili. Evidente la ricerca di perseguire l\u2019obiettivo Ue di una graduale sostituzione dei secondi con i primi, con una quota del 5,75 per cento al 2010 e del 10 per cento al 2020. Si stima che non oltre il 15 per cento dei sementi (in Toscana vuol dire 540mila ettari) pu\u00f2 essere destinato alle produzioni energetiche, in modo da ottenere disponibilit\u00e0 pari a 64.8 Ktep\/anno (pari a 207.360 t\/a di CO2 evitata) che rappresenta il 2,31 per cento del fabbisogno complessivo del settore trasporti della regione. Per questo, la maggior parte dei biocombustibili sar\u00e0 coltivata altrove mentre si sfrutteranno tutte le possibilit\u00e0 legate alla capacit\u00e0 di produrre miscele ibride e idrogeno da utilizzare come combustibile per autotrazione. In materia di tutela e valorizzazione del territorio rurale, il Pier favorisce l\u2019impiego di biomasse agricole e forestali, difendendo i territori agricoli, rispettando l\u2019organizzazione produttiva e le caratteristiche del sistema agricolo e forestale della Toscana. Ad oggi la nostra regione produce biomassa utilizzabile a fini energetici per poco pi\u00f9 di un milione di tonnellate l\u2019anno. Presupponendo di aggiungere anche la biomassa ottenibile da piantagioni dedicate, il materiale complessivamente utilizzabile a fini energetici pu\u00f2 essere stimato a due milioni e mezzo di tonnellate l\u2019anno. Tutte le azioni contenute nel Piano di indirizzo, sono calibrate su interventi che riducono la concentrazione di alcune tipologie di emissioni inquinanti per una efficace e responsabile tutela della salute.<\/p>\n","protected":false},"excerpt":{"rendered":"<p>Nella seduta di Gioved\u00ec 10 Luglio il Consiglio Regionale ha approvato il testo del PIER &#8211; Piano di Indirizzo Energetico Regionale. \u00c8 un Piano proiettato alla \u201cdata traguardo\u201d del 2020. Data che nel marzo 2007 il Piano d\u2019Azione del Consiglio Europeo denominato \u201cUna politica energetica per l\u2019Europa\u201d ha fissato come termine ultimo per arrivare alla [&hellip;]<\/p>\n","protected":false},"author":1,"featured_media":1153,"comment_status":"open","ping_status":"open","sticky":false,"template":"","format":"standard","meta":{"om_disable_all_campaigns":false,"_monsterinsights_skip_tracking":false,"_monsterinsights_sitenote_active":false,"_monsterinsights_sitenote_note":"","_monsterinsights_sitenote_category":0,"ocean_post_layout":"","ocean_both_sidebars_style":"","ocean_both_sidebars_content_width":0,"ocean_both_sidebars_sidebars_width":0,"ocean_sidebar":"","ocean_second_sidebar":"","ocean_disable_margins":"enable","ocean_add_body_class":"","ocean_shortcode_before_top_bar":"","ocean_shortcode_after_top_bar":"","ocean_shortcode_before_header":"","ocean_shortcode_after_header":"","ocean_has_shortcode":"","ocean_shortcode_after_title":"","ocean_shortcode_before_footer_widgets":"","ocean_shortcode_after_footer_widgets":"","ocean_shortcode_before_footer_bottom":"","ocean_shortcode_after_footer_bottom":"","ocean_display_top_bar":"default","ocean_display_header":"default","ocean_header_style":"","ocean_center_header_left_menu":"","ocean_custom_header_template":"","ocean_custom_logo":0,"ocean_custom_retina_logo":0,"ocean_custom_logo_max_width":0,"ocean_custom_logo_tablet_max_width":0,"ocean_custom_logo_mobile_max_width":0,"ocean_custom_logo_max_height":0,"ocean_custom_logo_tablet_max_height":0,"ocean_custom_logo_mobile_max_height":0,"ocean_header_custom_menu":"","ocean_menu_typo_font_family":"","ocean_menu_typo_font_subset":"","ocean_menu_typo_font_size":0,"ocean_menu_typo_font_size_tablet":0,"ocean_menu_typo_font_size_mobile":0,"ocean_menu_typo_font_size_unit":"px","ocean_menu_typo_font_weight":"","ocean_menu_typo_font_weight_tablet":"","ocean_menu_typo_font_weight_mobile":"","ocean_menu_typo_transform":"","ocean_menu_typo_transform_tablet":"","ocean_menu_typo_transform_mobile":"","ocean_menu_typo_line_height":0,"ocean_menu_typo_line_height_tablet":0,"ocean_menu_typo_line_height_mobile":0,"ocean_menu_typo_line_height_unit":"","ocean_menu_typo_spacing":0,"ocean_menu_typo_spacing_tablet":0,"ocean_menu_typo_spacing_mobile":0,"ocean_menu_typo_spacing_unit":"","ocean_menu_link_color":"","ocean_menu_link_color_hover":"","ocean_menu_link_color_active":"","ocean_menu_link_background":"","ocean_menu_link_hover_background":"","ocean_menu_link_active_background":"","ocean_menu_social_links_bg":"","ocean_menu_social_hover_links_bg":"","ocean_menu_social_links_color":"","ocean_menu_social_hover_links_color":"","ocean_disable_title":"default","ocean_disable_heading":"default","ocean_post_title":"","ocean_post_subheading":"","ocean_post_title_style":"","ocean_post_title_background_color":"","ocean_post_title_background":0,"ocean_post_title_bg_image_position":"","ocean_post_title_bg_image_attachment":"","ocean_post_title_bg_image_repeat":"","ocean_post_title_bg_image_size":"","ocean_post_title_height":0,"ocean_post_title_bg_overlay":0.5,"ocean_post_title_bg_overlay_color":"","ocean_disable_breadcrumbs":"default","ocean_breadcrumbs_color":"","ocean_breadcrumbs_separator_color":"","ocean_breadcrumbs_links_color":"","ocean_breadcrumbs_links_hover_color":"","ocean_display_footer_widgets":"default","ocean_display_footer_bottom":"default","ocean_custom_footer_template":"","ocean_post_oembed":"","ocean_post_self_hosted_media":"","ocean_post_video_embed":"","ocean_link_format":"","ocean_link_format_target":"self","ocean_quote_format":"","ocean_quote_format_link":"post","ocean_gallery_link_images":"on","ocean_gallery_id":[],"footnotes":""},"categories":[1],"tags":[29,55],"class_list":["post-1151","post","type-post","status-publish","format-standard","has-post-thumbnail","hentry","category-blog","tag-consigliere-regionale","tag-energia","entry","has-media"],"aioseo_notices":[],"_links":{"self":[{"href":"https:\/\/vittoriobugli.it\/index.php?rest_route=\/wp\/v2\/posts\/1151","targetHints":{"allow":["GET"]}}],"collection":[{"href":"https:\/\/vittoriobugli.it\/index.php?rest_route=\/wp\/v2\/posts"}],"about":[{"href":"https:\/\/vittoriobugli.it\/index.php?rest_route=\/wp\/v2\/types\/post"}],"author":[{"embeddable":true,"href":"https:\/\/vittoriobugli.it\/index.php?rest_route=\/wp\/v2\/users\/1"}],"replies":[{"embeddable":true,"href":"https:\/\/vittoriobugli.it\/index.php?rest_route=%2Fwp%2Fv2%2Fcomments&post=1151"}],"version-history":[{"count":2,"href":"https:\/\/vittoriobugli.it\/index.php?rest_route=\/wp\/v2\/posts\/1151\/revisions"}],"predecessor-version":[{"id":1154,"href":"https:\/\/vittoriobugli.it\/index.php?rest_route=\/wp\/v2\/posts\/1151\/revisions\/1154"}],"wp:featuredmedia":[{"embeddable":true,"href":"https:\/\/vittoriobugli.it\/index.php?rest_route=\/wp\/v2\/media\/1153"}],"wp:attachment":[{"href":"https:\/\/vittoriobugli.it\/index.php?rest_route=%2Fwp%2Fv2%2Fmedia&parent=1151"}],"wp:term":[{"taxonomy":"category","embeddable":true,"href":"https:\/\/vittoriobugli.it\/index.php?rest_route=%2Fwp%2Fv2%2Fcategories&post=1151"},{"taxonomy":"post_tag","embeddable":true,"href":"https:\/\/vittoriobugli.it\/index.php?rest_route=%2Fwp%2Fv2%2Ftags&post=1151"}],"curies":[{"name":"wp","href":"https:\/\/api.w.org\/{rel}","templated":true}]}}