{"id":1167,"date":"2008-08-04T16:27:00","date_gmt":"2008-08-04T14:27:00","guid":{"rendered":"https:\/\/vittoriobugli.it\/?p=1167"},"modified":"2025-08-20T16:31:01","modified_gmt":"2025-08-20T14:31:01","slug":"commercio-di-qualita-approvati-i-criteri-per-i-finanziamenti","status":"publish","type":"post","link":"https:\/\/vittoriobugli.it\/?p=1167","title":{"rendered":"Commercio di Qualit\u00e0 approvati i criteri per i finanziamenti"},"content":{"rendered":"<p>Criteri, modalit\u00e0 ed indirizzi di assegnazione dei finanziamenti per il triennio 2008-2010 relativi all&#8217;Azione 4.1.2 Interventi per il commercio di qualit\u00e0 e politiche di rete prevista &#8211; Intervento A &quot;Rete Toscana Commercio di Qualit\u00e0&quot; del P.R.S.E. 2007 2010<br \/>\nCon il Piano regionale di sviluppo 2006-2010 sono stati individuati gli obiettivi delle politiche di sviluppo sostenibile del sistema distributivo toscano. In questo contesto \u00e8 prevista la realizzazione di iniziative finalizzate alla promozione e alla valorizzazione dei &quot;..diversi profili identitari caratterizzati dalle differenziate potenzialit\u00e0 delle realt\u00e0 territoriali e urbane,<br \/>\ndall&#8217;orientamento dell&#8217;esperienza dei Centri commerciali naturali, verso nuove forme aggregative e modelli organizzativi, dalla valorizzazione delle politiche di filiera.&quot;;<br \/>\nNell&#8217;ambito di tali indirizzi, con l&#8217;aggiornamento del P.R.S.E. 2007 2010, \u00e8 stata espressamente prevista l&#8217; Azione 4.1.2 &quot;Interventi per il commercio di qualit\u00e0 e politiche di rete&quot;. Con tale strumento si punta ad armonizzare e potenziare le opportunit\u00e0 di valorizzazione turistica, commerciale e produttiva delle realt\u00e0 locali toscane attraverso azioni che integrino il commercio con il turismo, la cultura, l&#8217;artigianato e le altre attivit\u00e0 agroalimentari.<br \/>\nTali interventi dovranno essere fortemente orientati alla rivitalizzazione del tessuto delle piccole imprese e alla loro maggiore integrazione con le identit\u00e0 locali e con le azioni di carattere regionale orientate alla promozione della cosiddetta Marca Toscana. L&#8217;attuazione dell&#8217;Azione 4.1.2. &quot;Interventi per il commercio di qualit\u00e0 e politiche di rete&quot;, quindi, da un lato dovr\u00e0 garantire un coordinamento e una visibilit\u00e0 di carattere regionale chiaramente collegati alle politiche e alle strategie che caratterizzano la rete regionale dei piccoli esercizi commerciali Vetrina Toscana, dall&#8217;altra non potr\u00e0 che coinvolgere direttamente e capillarmente le realt\u00e0 locali (Enti locali, Camere di Commercio, Agenzie per il Turismo, Unioncamere) e le singole imprese del sistema distributivo rappresentato dagli esercizi di vicinato e dai pubblici esercizi di somministrazione al fine di migliorare l&#8217;offerta commerciale nei centri urbani o nei territori montani, insulari e rurali.<br \/>\nRelativamente agli interventi a favore della rete dei ristoranti (Vetrina Toscana a Tavola) e a quella degli esercizi commerciali del settore alimentare (Botteghe di Vetrina Toscana), \u00e8 necessario definire adeguati rapporti con il mondo delle produzioni agricole e agroalimentari.<br \/>\nGli interventi dell&#8217;Azione 4.1.2. quindi, interverranno a sostegno della promozione della rete degli esercizi commerciali (ristoranti e negozi di generi alimentari) garantendo contemporaneamente una adeguata integrazione con le aziende di produzione che dovranno essere messe in grado di utilizzare al meglio la Rete di vendita regionale Vetrina Toscana anche per informare sulle caratteristiche qualitative dei loro prodotti.<br \/>\nLa Rete Vetrina Toscana consentir\u00e0 altres\u00ec la promozione di centri informativi sulla corretta alimentazione in collaborazione con i competenti uffici della Direzione Generale del Diritto alla Salute.<br \/>\nIn questo senso si richiamano gli obiettivi posti dalla deliberazione n. 922 della Giunta regionale del 10 dicembre 2007 che ha individuato un percorso di revisione del protocollo d&#8217;intesa Vetrina Toscana ampliandone l&#8217;integrazione con i settori dell&#8217;agricoltura, dell&#8217;artigianato e delle produzioni artistiche e di qualit\u00e0. Tale percorso \u00e8 stato coerentemente avviato con decreto dirigenziale n. 772 del 19 febbraio 2008 riguardante l&#8217;avvalimento dei Centri di assistenza tecnica per lo sviluppo di moduli specifici del protocollo d&#8217;intesa Vetrina Toscana.<br \/>\nAlla luce delle strategie e degli obiettivi di carattere generale sopra richiamati, si prevede di dare attuazione alla Azione 4.1.2. individuando due modalit\u00e0 parallele e complementari di seguito definite.<\/p>\n<ol>\n<li>Iniziative di Vetrina Toscana di coordinamento e promozione a regia regionale.<br \/>\nTali iniziative consistono sostanzialmente nel garantire, anche attraverso i Centri di Assistenza Tecnica del commercio, quelle attivit\u00e0 di progettazione di interventi di livello regionale che consentano, durante tutto l&#8217;anno, di comunicare ai consumatori e ai clienti dei ristoranti e degli esercizi di vicinato, le opportunit\u00e0 offerte dalle imprese aderenti alla Rete, promuovendo anche una maggiore conoscenza delle identit\u00e0 eno-gastronomiche, culturali, e produttive dei territori e delle destinazioni turistiche collegate. Si tratta di interventi finalizzati a promuovere la rete Vetrina Toscana e la generalit\u00e0 delle imprese aderenti, e riprender\u00e0, in una visione unitaria, i contenuti delle Iniziative tematiche territoriali.<br \/>\nDi norma nel periodo natalizio di ogni anno, attraverso un evento di livello regionale saranno presentate le Iniziative tematiche territoriali che si terranno nel mese di dicembre\/gennaio e il calendario delle iniziative territoriali che si terranno nel primo semestre dell&#8217;anno successivo. Nel mese di maggio saranno invece presentate le iniziative che si svolgeranno fino a dicembre.<br \/>\nTutte le attivit\u00e0 di comunicazione attivate in questo ambito saranno espressamente previste dal Programma regionale di comunicazione e seguiranno &#8211; ai fini del loro finanziamento e della loro realizzazione &#8211; le procedura previste dal piano stesso.<\/li>\n<li>Iniziative Tematiche Territoriali di Vetrina Toscana.<br \/>\nTali iniziative, coerentemente con quanto previsto dall&#8217;Azione 4.1.2., dovranno coinvolgere le diverse realt\u00e0 territoriali. In sostanza rappresentano il vero contenuto delle iniziative di promozione a regia regionale di cui al punto precedente.<br \/>\nLe iniziative, che dovranno tenersi durante tutto l&#8217;anno, dovranno essere tutte ispirate alle produzioni agricole, agroalimentari, eno-gastronomiche e artigianali. Potranno riferirsi alle stagioni, ai territori di produzione, alla tradizione eno-gastronomica e alla promozione della salute alimentare .<br \/>\nIl finanziamento di tali iniziative \u00e8 rivolto a Soggetti Pubblici (Enti locali, Camere di Commercio e Unioncamere Toscana) e sar\u00e0 finalizzato a realizzare eventi e servizi qualificati che consentano di dare la massima visibilit\u00e0 alle imprese commerciali aderenti alla Rete Vetrina Toscana e dei Centri commerciali naturali che propongano produzioni di qualit\u00e0 collegate alle identit\u00e0 eno-gastronomiche e culturali delle varie localit\u00e0 della Toscana.<br \/>\nLe iniziative tematiche rappresentano una occasione fondamentale per far convergere le azioni di comunicazione e promozione delle produzioni agricole e agro-alimentari anche utilizzando la rete degli esercizi commerciali.<br \/>\nLe iniziative tematiche territoriali potranno coinvolgere i consorzi e le associazioni di produttori interessati che si impegnino a realizzare iniziative coordinate di promozione, degustazione, informazione, in ambienti e tempi concordati e che coinvolgano imprese commerciali aderenti alla Rete Vetrina Toscana.<br \/>\nOgni iniziativa territoriale deve consentire di informare su tutte le altre iniziative territoriali che si svolgono in Toscana attraverso la corretta e costante integrazione con le Iniziative di coordinamento e promozione a regia regionale.<br \/>\nLe iniziative sono selezionate dai competenti Uffici regionali sulla base di procedura con evidenza pubblica; dovr\u00e0 comunque essere privilegiata la realizzazione e il finanziamento di una unica complessiva proposta che veda coinvolto, oltre al sistema degli Enti locali, anche il sistema delle Camere di commercio e che consenta un adeguato cofinanziamento.<br \/>\nSpecifiche priorit\u00e0 saranno assegnate alle iniziative territoriali tematiche che:<\/li>\n<\/ol>\n<ul>\n<li>risultino coerenti con gli obiettivi e le strategie di azione del Progetto regionale Innovacom e la cui realizzazione sia integrata e sinergica con quella dei Centri di Assistenza Tecnica riconosciuti dalla Regione Toscana ai sensi del DPGR n. 17\/R del 16.03.2004<\/li>\n<li>risultino coerenti con le azioni promosse e finanziate dalle Camere di Commercio riferite alla promozione e sostegno della rete Vetrina Toscana e delle produzioni di qualit\u00e0;<\/li>\n<li>risultino sinergiche e coerenti con le iniziative di promozione commerciale, di degustazione, di visita guidata, di informazione, promosse da Consorzi ed Associazioni di produttori, Strade del vino e dell&#8217;olio, APT, dalle associazioni dei consumatori di livello territoriale e regionale;<\/li>\n<li>siano compatibili con le iniziative previste dal progetto regionale Amica Toscana Card;<\/li>\n<li>siano collegate a iniziative di promo-commercializzazione turistica mirate espressamente a consentire la migliore fruizione delle destinazioni turistiche con offerte di pacchetti caratterizzati da un ottimale rapporto qualit\u00e0\/prezzo;<\/li>\n<li>consentano la valorizzazione e la conoscenza del patrimonio storico architettonico e ambientale;<\/li>\n<li>coinvolgano il patrimonio architettonico che caratterizza le &quot;cantine d&#8217;autore&quot; presenti e operanti in Toscana;<\/li>\n<\/ul>\n","protected":false},"excerpt":{"rendered":"<p>Criteri, modalit\u00e0 ed indirizzi di assegnazione dei finanziamenti per il triennio 2008-2010 relativi all&#8217;Azione 4.1.2 Interventi per il commercio di qualit\u00e0 e politiche di rete prevista &#8211; Intervento A &quot;Rete Toscana Commercio di Qualit\u00e0&quot; del P.R.S.E. 2007 2010 Con il Piano regionale di sviluppo 2006-2010 sono stati individuati gli obiettivi delle politiche di sviluppo sostenibile [&hellip;]<\/p>\n","protected":false},"author":1,"featured_media":975,"comment_status":"open","ping_status":"open","sticky":false,"template":"","format":"standard","meta":{"om_disable_all_campaigns":false,"_monsterinsights_skip_tracking":false,"_monsterinsights_sitenote_active":false,"_monsterinsights_sitenote_note":"","_monsterinsights_sitenote_category":0,"ocean_post_layout":"","ocean_both_sidebars_style":"","ocean_both_sidebars_content_width":0,"ocean_both_sidebars_sidebars_width":0,"ocean_sidebar":"","ocean_second_sidebar":"","ocean_disable_margins":"enable","ocean_add_body_class":"","ocean_shortcode_before_top_bar":"","ocean_shortcode_after_top_bar":"","ocean_shortcode_before_header":"","ocean_shortcode_after_header":"","ocean_has_shortcode":"","ocean_shortcode_after_title":"","ocean_shortcode_before_footer_widgets":"","ocean_shortcode_after_footer_widgets":"","ocean_shortcode_before_footer_bottom":"","ocean_shortcode_after_footer_bottom":"","ocean_display_top_bar":"default","ocean_display_header":"default","ocean_header_style":"","ocean_center_header_left_menu":"","ocean_custom_header_template":"","ocean_custom_logo":0,"ocean_custom_retina_logo":0,"ocean_custom_logo_max_width":0,"ocean_custom_logo_tablet_max_width":0,"ocean_custom_logo_mobile_max_width":0,"ocean_custom_logo_max_height":0,"ocean_custom_logo_tablet_max_height":0,"ocean_custom_logo_mobile_max_height":0,"ocean_header_custom_menu":"","ocean_menu_typo_font_family":"","ocean_menu_typo_font_subset":"","ocean_menu_typo_font_size":0,"ocean_menu_typo_font_size_tablet":0,"ocean_menu_typo_font_size_mobile":0,"ocean_menu_typo_font_size_unit":"px","ocean_menu_typo_font_weight":"","ocean_menu_typo_font_weight_tablet":"","ocean_menu_typo_font_weight_mobile":"","ocean_menu_typo_transform":"","ocean_menu_typo_transform_tablet":"","ocean_menu_typo_transform_mobile":"","ocean_menu_typo_line_height":0,"ocean_menu_typo_line_height_tablet":0,"ocean_menu_typo_line_height_mobile":0,"ocean_menu_typo_line_height_unit":"","ocean_menu_typo_spacing":0,"ocean_menu_typo_spacing_tablet":0,"ocean_menu_typo_spacing_mobile":0,"ocean_menu_typo_spacing_unit":"","ocean_menu_link_color":"","ocean_menu_link_color_hover":"","ocean_menu_link_color_active":"","ocean_menu_link_background":"","ocean_menu_link_hover_background":"","ocean_menu_link_active_background":"","ocean_menu_social_links_bg":"","ocean_menu_social_hover_links_bg":"","ocean_menu_social_links_color":"","ocean_menu_social_hover_links_color":"","ocean_disable_title":"default","ocean_disable_heading":"default","ocean_post_title":"","ocean_post_subheading":"","ocean_post_title_style":"","ocean_post_title_background_color":"","ocean_post_title_background":0,"ocean_post_title_bg_image_position":"","ocean_post_title_bg_image_attachment":"","ocean_post_title_bg_image_repeat":"","ocean_post_title_bg_image_size":"","ocean_post_title_height":0,"ocean_post_title_bg_overlay":0.5,"ocean_post_title_bg_overlay_color":"","ocean_disable_breadcrumbs":"default","ocean_breadcrumbs_color":"","ocean_breadcrumbs_separator_color":"","ocean_breadcrumbs_links_color":"","ocean_breadcrumbs_links_hover_color":"","ocean_display_footer_widgets":"default","ocean_display_footer_bottom":"default","ocean_custom_footer_template":"","ocean_post_oembed":"","ocean_post_self_hosted_media":"","ocean_post_video_embed":"","ocean_link_format":"","ocean_link_format_target":"self","ocean_quote_format":"","ocean_quote_format_link":"post","ocean_gallery_link_images":"on","ocean_gallery_id":[],"footnotes":""},"categories":[1],"tags":[85,29,36,89],"class_list":["post-1167","post","type-post","status-publish","format-standard","has-post-thumbnail","hentry","category-blog","tag-commercio","tag-consigliere-regionale","tag-economia","tag-presidentecommissioneeconomia","entry","has-media"],"aioseo_notices":[],"_links":{"self":[{"href":"https:\/\/vittoriobugli.it\/index.php?rest_route=\/wp\/v2\/posts\/1167","targetHints":{"allow":["GET"]}}],"collection":[{"href":"https:\/\/vittoriobugli.it\/index.php?rest_route=\/wp\/v2\/posts"}],"about":[{"href":"https:\/\/vittoriobugli.it\/index.php?rest_route=\/wp\/v2\/types\/post"}],"author":[{"embeddable":true,"href":"https:\/\/vittoriobugli.it\/index.php?rest_route=\/wp\/v2\/users\/1"}],"replies":[{"embeddable":true,"href":"https:\/\/vittoriobugli.it\/index.php?rest_route=%2Fwp%2Fv2%2Fcomments&post=1167"}],"version-history":[{"count":2,"href":"https:\/\/vittoriobugli.it\/index.php?rest_route=\/wp\/v2\/posts\/1167\/revisions"}],"predecessor-version":[{"id":1169,"href":"https:\/\/vittoriobugli.it\/index.php?rest_route=\/wp\/v2\/posts\/1167\/revisions\/1169"}],"wp:featuredmedia":[{"embeddable":true,"href":"https:\/\/vittoriobugli.it\/index.php?rest_route=\/wp\/v2\/media\/975"}],"wp:attachment":[{"href":"https:\/\/vittoriobugli.it\/index.php?rest_route=%2Fwp%2Fv2%2Fmedia&parent=1167"}],"wp:term":[{"taxonomy":"category","embeddable":true,"href":"https:\/\/vittoriobugli.it\/index.php?rest_route=%2Fwp%2Fv2%2Fcategories&post=1167"},{"taxonomy":"post_tag","embeddable":true,"href":"https:\/\/vittoriobugli.it\/index.php?rest_route=%2Fwp%2Fv2%2Ftags&post=1167"}],"curies":[{"name":"wp","href":"https:\/\/api.w.org\/{rel}","templated":true}]}}