{"id":1235,"date":"2008-10-12T16:29:00","date_gmt":"2008-10-12T14:29:00","guid":{"rendered":"https:\/\/vittoriobugli.it\/?p=1235"},"modified":"2025-08-21T16:35:07","modified_gmt":"2025-08-21T14:35:07","slug":"crisi-finanziaria-non-sottovalutarne-la-possibile-portata","status":"publish","type":"post","link":"https:\/\/vittoriobugli.it\/?p=1235","title":{"rendered":"Crisi Finanziaria, non sottovalutarne la possibile portata!"},"content":{"rendered":"<p>Siamo nel pieno di una tempesta finanziaria che incide pesantemente su una situazione economica del Paese che era gi\u00e0 molto pesante. Siamo ad un drammatico passaggio di fase nel quale appare inevitabile porre rimedio agli effetti di una interpretazione tutta finanziaria della globalizzazione che \u00e8 scattata coi mutui ipotecari, poi \u00e8 arrivata alle cartolarizzazioni dei prestiti, agli ambigui ed estesi meccanismi delle scatole cinesi, ai rapporti interbancari. Agli effetti di un modello, prima di tutto USA, che ha messo la finanza al posto di tutto, prima di tutto, fino a sostituire il ruolo che solo i redditi della produzione, da lavoro, la loro redistribuzione possono svolgere.<br \/>\nTutti, specialmente i peggiori profittatori e responsabili di questo stato di fatto, cercano oggi riparo presso lo Stato. Il rischio che si intravede non \u00e8 solo il crollo del castello di carta della finanza creativa, ma guai seri per l&#8217;economia delle persone, delle aziende e degli Stati. Siamo gi\u00e0 entrati in una fase di depressione e presto recessione la cui entit\u00e0 \u00e8 impossibile sapere.<br \/>\nE&#8217; crollato di botto quel modello che la sinistra e importanti economisti avevano criticato duramente: il liberismo sfrenato e de-regoralizzato. Ora tutti sono diventati statalisti, troppo statalisti. Anche coloro che, come Tremonti nella bozza di DPEF del 2003, ci proponevano il modello dei prodotti finanziari sui mutui applicato negli USA come panacea per il rilancio del Paese (vedi sotto un articolo de La Repubblica del luglio 2003). Fu bloccato dall&#8217;opposizione ma procur\u00f2 comunque un enorme sviluppo della finanza creativa, delle cartolarizzazioni, del via libera dell&#8217;accesso degli Enti locali a strumenti finanziari rischiosi.<br \/>\nTornando ad oggi, senz&#8217;altro non \u00e8 criticabile l&#8217;annuncio circa le modalit\u00e0 di intervento fatto dal Governo. Ma lo attuer\u00e0? Nel frattempo la cosa molto concreta che era stata attuata era quella riga meschinamente nascosta nel provvedimento Alitalia con la quale si discolpavano Tanzi, Cragnotti, Geronzi e compagnia.<br \/>\nE&#8217; anche buffo, nella sua complessit\u00e0, che classi dirigenti che hanno sistematicamente attaccato l&#8217;Europa, ora facciano la giusta proposta di affrontare la crisi a livello Europeo. Purtroppo cos\u00ec non sar\u00e0, almeno fino in fondo, perch\u00e8 l&#8217;Europa non ha la sua FED ed \u00e8 ancora indietro nel necessario processo di integrazione delle politiche finanziarie e di controllo (vedi sotto gli articoli tratti da www.lavoce.info). Meno male che il Paese ha saputo resistere alle strade indicate da Tremonti e Berlusconi. Specialmente per quanto riguarda l&#8217;Europa: chiss\u00e0 cosa ne sarebbe stato dell&#8217;Italia se non avesse accettato e vinto la sfida che propose e guid\u00f2 il primo Governo di Centro Sinistra.<br \/>\nLa cosa peggiore, peraltro, \u00e8 che tutto ci\u00f2 fa &#8220;grandinare sul bagnato&#8221;. Gli effetti depressivi e recessivi sull&#8217;economia reale che apparivano gi\u00e0 probabili prima di questa crisi, ora appaiono inevitabili e di notevole portata. Ancora non si sa quanto&#8230;<br \/>\nTocca alle forze serie del Paese avere cervello e responsabilit\u00e0 anche per le altre, non andare al &#8220;bagaglino&#8221; ma stare nella vita e nelle preoccupazioni delle persone e delle aziende. Dovremo farlo ancora una volta e lo faremo.<br \/>\nPer prima cosa dovremo contribuire ad affrontare questa crisi. E lo faremo rifiutando logiche protezionistiche ma pretendendo una regolazione molto pi\u00f9 stringente, a cominciare dalla finanza, e da ragionevoli misure difensive contro le speculazioni. Ci vuole pi\u00f9 stato. Ma che Stato?<br \/>\nDice Michele Salvati in un suo editoriale sul Corriere:- &#8220;Non vorrei che la crisi finanziaria in corso negli Stati Uniti e l&#8217;affannoso intervento pubblico che sta provocando in quel Paese alimentassero nel nostro un clima di \u00abpi\u00f9 Stato\u00bb altrettanto superficiale &#8211; ma gravido di conseguenze politiche &#8211; del clima di \u00abpi\u00f9 mercato\u00bb che dominava fino a un anno fa: condivido la preoccupazione espressa da Mario Monti nel suo editoriale di domenica scorsa. \u00c8 vero, il Tesoro americano sta impiegando risorse immense per attenuare le conseguenze della crisi. Ma si tratta di una risposta d&#8217;emergenza: il problema all&#8217;origine delle difficolt\u00e0 attuali non \u00e8 di quelli che si risolvono buttandogli quattrini (pubblici) addosso. \u00c8 un problema di insufficiente e cattiva regolazione dei mercati, dal quale consegue un rischio di instabilit\u00e0 finanziaria, una elevata probabilit\u00e0 di crollo dell&#8217;immane piramide di debiti e crediti che si \u00e8 lasciata costruire negli ultimi anni su basi insicure. Un rischio di cui le autorit\u00e0 statunitensi erano consapevoli &#8211; una parte dei tanto vituperati economisti non si \u00e8 mai stancata di richiamarlo &#8211; ma sul quale non sono intervenute in tempo. Un po&#8217; perch\u00e9, quando le cose andavano bene, ci guadagnavano tutti e occorreva grande forza politica per spegnere l&#8217;\u00abesuberanza \u00bb, anche se \u00abirrazionale\u00bb. Ma soprattutto perch\u00e9 quelli che ci guadagnavano di pi\u00f9 (molto di pi\u00f9) disponevano di grande influenza presso le autorit\u00e0 preposte alla regolazione. Se gli interventi di emergenza risulteranno efficaci e poi, e soprattutto, in che tempi le autorit\u00e0 riusciranno a costruire un assetto regolatorio e di vigilanza capace di restituire ai mercati finanziari la fiducia di cui hanno bisogno, non \u00e8 possibile prevedere. Ci riusciranno, certamente, ma dopo aver fatto pagare costi altissimi in termini di benessere agli Stati Uniti e al mondo intero. Vorrei solo sottolineare che parlare in modo generico di \u00abpi\u00f9 Stato\u00bb per quanto sta avvenendo in America confonde solo le idee. Essenzialmente si tratta di un fallimento della politica, una politica inquinata da legami troppo stretti con i grandi interessi privati, che non ha saputo imporre regole adeguate al sistema dei mercati finanziari. Regole che avrebbero consentito di avere insieme una finanza competitiva e innovatrice &#8211; nella misura necessaria allo sviluppo dell&#8217;economia reale &#8211; con condizioni di stabilit\u00e0 e fiducia. Che avrebbero evitato le inefficienze e le ingiustizie connesse all&#8217;impegno di risorse pubbliche cui il Tesoro degli Stati Uniti \u00e8 stato ora costretto. Confondere le idee pu\u00f2 essere pericoloso in un Paese come il nostro, che con le regole non ha mai avuto un rapporto facile, in cui i rapporti tra politica e affari sono sempre stati assai stretti, in cui lo stesso capitalismo privato, nei suoi piani alti, \u00e8 largamente un capitalismo di relazione, non di mercato. Un Paese in cui il conflitto di interessi \u00e8 ancor pi\u00f9 endemico, direbbe Guido Rossi, che negli Stati Uniti. Un disegno di regolazione efficace \u00e8 sicuramente un intervento pubblico, ma non \u00e8 \u00abpi\u00f9 Stato\u00bb nello stesso senso in cui lo \u00e8 pasticciare discrezionalmente con Alitalia. Anzi, \u00e8 il suo esatto contrario: regole contro discrezionalit\u00e0, distanza contro vicinanza con gli interessi privati, statualit\u00e0 contro politica. Di \u00abpi\u00f9 Stato\u00bb nel primo significato avremmo grande bisogno, soprattutto per tornare a crescere nel lungo periodo. In un Paese fermo, nel quale la politica deve dare l&#8217;impressione di fare qualcosa, e con effetti immediati, temo che sar\u00e0 il secondo significato a prevalere.&#8221;<br \/>\nQuesto \u00e8 il punto. Lo Stato deve proteggere i risparmiatori ma non chi ha responsabilit\u00e0 e ha agito contro i risparmiatori. La Stato deve fare questo.<br \/>\nE poi lo Stato deve garantire le protezioni sociali, non abbandonare il suo impegno ma anzi rafforzare i servizi universalistici senza concedere spazio a invenzioni che concedano al mercato la risposta a bisogni fondamentali. Lo stato deve garantire politiche fiscali tali che &#8220;chi pi\u00f9 ha, pi\u00f9 paga, chi meno ha meno paga e che comunque si paga tutti e si riceve tutti&#8221;. Lo stato deve produrre politiche per l&#8217;innovazione e la qualit\u00e0 nella produzione e nei consumi. Lo stato deve garantire lo sviluppo e il radicamento nazionale (in attesa di quello europeo) di fondamentali reti strategiche materiali e immateriali. Lo Stato deve occuparsi di capitale umano, di infrastrutture, di ricerca e cos\u00ec via.<br \/>\nIl vero problema \u00e8 che il problema c&#8217;era anche senza la grande crisi finanziaria. Il nostro paese va male economicamente e oramai da tempo ci\u00f2 ha intaccato la sfera delle possibilit\u00e0 economiche di molti milioni di italiani, fino ad arrivare a colpire anche il ceto medio.<br \/>\nI dati ISTAT sono stati prodotti prima dell&#8217;esplodere della crisi:<\/p>\n<ul>\n<li>14 milioni di lavoratori guadagnano meno di 1.300 euro al mese; il 15% delle famiglie fatica ad arrivare a fine mese,<\/li>\n<li>il 28% non pu\u00f2 fare fronte ad una spesa imprevista,<\/li>\n<li>il 10% \u00e8 in ritardo per il pagamento di bollette,<\/li>\n<li>il 4% non ha soldi per spese alimentari, il 10% per spese mediche, il 16% per l&#8217;abbigliamento.<br \/>\nSe guardiamo al Sud queste percentuali raddoppiano.<\/li>\n<li>L&#8217;inflazione tendenziale va oltre la media europea dopo un anno in cui era stata pi\u00f9 bassa. Ma non \u00e8 il suo valore a preoccupare, bens\u00ec la sua provenienza, tutta dovuta a fattori esterni (petrolio, materie prime, alimentari, etc) alle retribuzioni e alla domanda interna e dunque, per sua natura, colpisce inesorabilmente i redditi medi e bassi<\/li>\n<li>I consumi si riducono, come mai negli ultimi anni, le attivit\u00e0 economiche orientate al mercato interno vanno male, cresce la precariet\u00e0 e riprende a crescere la disoccupazione e la cassa integrazione<\/li>\n<li>I dati sul PIL segnano l&#8217;andamento tendenziale peggiore d&#8217;Europa.<\/li>\n<\/ul>\n<p>Di fronte a questa vera emergenza il Governo \u00e8 muto. Non c&#8217;\u00e8 politica economica, e quando c&#8217;\u00e8 \u00e8 sbagliata anche se un po&#8217; di risorse ci sarebbero per affrontarla. Ha ragione Bersani a richiamare il rendiconto dell&#8217;esercizio finanziario 2007 a firma Tremonti. &#8220;Il 2007 si \u00e8 chiuso con conti pubblici sensibilmente pi\u00f9 favorevoli del previsto. \u00c8 il risultato di una politica economica che ha perseguito l&#8217;obiettivo della crescita e del risanamento. Ai risultati ottenuti hanno concorso sia le entrate sia le spese e, per le entrate, il grosso contributo \u00e8 venuto dai frutti della lotta all&#8217;evasione fiscale, mentre l&#8217;espansione della spesa primaria e stata rallentata&#8221;. Se lo dice lui&#8230;<br \/>\nAllora forse sarebbe bene seguire la rotta opposta di ICI e Alitalia e trovare i soldi per abbassare le tasse sugli stipendi.<\/p>\n<p>Le proposte del PD sono:<\/p>\n<ol>\n<li>Avviare immediatamente una progressiva ed incisiva diminuzione della pressione fiscale sulle retribuzioni medio-basse con detrazioni fiscali, revisione delle aliquote, o restituzione del drenaggio fiscale, dandosi una prospettiva triennale fino all&#8217;obiettivo di una riduzione del prelievo di 100 euro mensili. Estensione della 14^ gi\u00e0 varata dal Governo Prodi per 3 milioni di pensionati fino alle pensioni di importo di 1.000 euro. Le risorse che si intende destinare (peraltro, fin qui in modo del tutto confuso), alla cos\u00ec detta social card siano da dicembre trasformate in una misura strutturale per le pensioni pi\u00f9 basse, che si aggiunga alla quattordicesima mensilit\u00e0. Una quindicesima insomma.<\/li>\n<li>Un nuovo patto sulla fiscalit\u00e0. Una proposta positiva, una Maastricht del fisco, con l&#8217;obiettivo di raggiungere entro un certo numero di anni la media europea della fedelt\u00e0 fiscale. Ci\u00f2 pu\u00f2 avvenire in particolare attraverso meccanismi che consentano davvero emersione e tracciabilit\u00e0, anche al prezzo purtroppo inevitabile di qualche adempimento che pu\u00f2 gravare anche sui contribuenti onesti. In questo patto deve stare il riconoscimento che per i sistemi di PMI il combattimento con il fisco ha riguardato spesso la vita dell&#8217;impresa e non il portafoglio dell&#8217;imprenditore.<\/li>\n<li>Presidiare e rafforzare il potere di acquisto promuovendo e distribuendo guadagni di produttivit\u00e0, allestendo adeguati meccanismi di riparo dall&#8217;inflazione e garantendo un ordinato, puntuale ed efficace andamento della contrattazione. Noi valutiamo da un nostro autonomo punto di vista la discussione in corso fra le parti sociali. Noi riteniamo\u00a0 necessario che venga garantito il ruolo specifico ed essenziale della contrattazione nazionale, indispensabile per la coesione del sistema, e che si sviluppi realmente una contrattazione decentrata capace di stimolare e distribuire incrementi di produttivit\u00e0. Ribadiamo che la produttivit\u00e0 non si misura con lo sforzo muscolare dei lavoratori o con il numero di ore lavorate ma con un adattamento creativo e flessibile del lavoro a processi di innovazione delle imprese. Questi processi devono rendersi visibili e esigibili a fronte di politiche industriali pubbliche di sostegno. Riteniamo altres\u00ec necessario che i contratti garantiscano un recupero dell&#8217;inflazione, naturalmente in forme tali da non avviare spirali inflazionistiche. Dentro a questi criteri, ribadiamo con nettezza il nostro interesse a che si realizzi un punto d&#8217;incontro all&#8217;interno del mondo del lavoro e fra il mondo del lavoro e l&#8217;insieme dell&#8217;organizzazione di impresa per un aggiornamento dei modelli contrattuali.<\/li>\n<li>Immediato intervento a favore del cittadino &#8211; consumatore, con il trasferimento di risorse dai settori protetti alle tasche dei cittadini. Andando nel merito: abolizione della Commissione di massimo scoperto, della trasferibilit\u00e0 e della surroga dei mutui; costi di gestione dei conti bancari, della RC auto, delle concessioni autostradali, della restituzione dell&#8217;Iva a fronte degli aumenti della benzina, delle nuove tariffe telefoniche, dei prezzi dei voli aerei, del prezzo dei farmaci, della riforma dei servizi professionali.\u00a0 La class action, cancellata 2 mesi fa e che deve essere ripristinata senza castrarla nei confronti dei pi\u00f9 gravi fatti finanziari ai quali potrebbe aggiungersi qualche recente bad company. Quanto alla pubblica amministrazione, invece di occuparsi di spot pubblicitari, il Governo riprenda la nostra norma sull&#8217;auto certificazione rafforzata da strutture professionali assicurate, di una serie di autorizzazioni in campo economico, cos\u00ec da spostare la pubblica amministrazione verso la verifica e il controllo, cos\u00ec da muovere le professioni da luoghi improduttivi verso luoghi di efficienza, cos\u00ec da dare speditezza alle iniziative produttive. L&#8217;insieme di queste ed altre iniziative porterebbe subito diversi miliardi nelle tasche dei consumatori, favorirebbe concorrenza e occupazione, darebbe stimolo alle attivit\u00e0 economiche. Naturalmente non si pu\u00f2 mettere soldi in una tasca e toglierli dall&#8217;altra.<\/li>\n<li>Garantire che il contenimento della spesa decentrata non intacchi i servizi sociali fondamentali. Non si pensi che, se si vuol fare sul serio, il federalismo fiscale possa essere affidato ad un Governo sulla base di una vaghissima delega. Ci vogliono procedure rafforzate, ci vuole una commissione bicamerale che lavori sul serio.<\/li>\n<li>Attivit\u00e0 economiche e industriali. Noi inquadriamo le nostre politiche industriali e le politiche per il Mezzogiorno dentro al quadro unitario del programma Industria 2015, un quadro che va rafforzato e rilanciato e che viene invece oggi indebolito e azzoppato. In quel quadro c&#8217;\u00e8 un piano realistico di alleggerimento fiscale in continuit\u00e0 con le misure del governo Prodi, c&#8217;\u00e8 il credito di imposta sulla ricerca da rendere strutturale, c&#8217;\u00e8 il credito d&#8217;imposta automatico per gli investimenti, che \u00e8 stato distrutto da questo Governo, che va ripristinato a fronte della chiusura di leggi come la 488, chiusura che va confermata. In quel quadro ci sono strumenti di garanzia per l&#8217;accesso al credito delle PMI che vanno immediatamente rafforzati in questa fase di acuta criticit\u00e0. In quel quadro ci sono progetti interfacciati di innovazione tecnologica e sviluppo dei consumi nell&#8217;area dell&#8217;efficienza e del risparmio energetico, della mobilit\u00e0 sostenibile, del made in italy, dei beni culturali, della salute. Il quadro di Industria 2015 contiene altres\u00ec l&#8217;allestimento di progetti &#8211; paese per qualificare i consumi e per avviare cicli di investimento pubblici e privati. Ecco qualche specifica proposta. Rafforzare piani di efficienza energetica e di risparmio nell&#8217;edilizia, nei consumi durevoli, nella mobilit\u00e0. Sono interventi che fanno PIL, che migliorano l&#8217;ambiente e che a questo prezzo dell&#8217;energia, si pagano da soli. Sostenere un ciclo di investimenti dell&#8217;energia. Non solo i gassificatori (il primo l&#8217;abbiamo fatto noi e l&#8217;ha inaugurato lui) ne solo al completamento del piano di produzione elettrica. Ma interventi assolutamente immediati. Ci sono ad esempio alcune centinaia di milioni spendibili per il decommissioning delle centrali nucleari. Questa sarebbe, fra l&#8217;altro la vera palestra per la nostra industria nazionale. Mentre si chiacchiera di nucleare non si fa nulla di quel che si dovrebbe fare, anzi si complicano e si rallentano le operazioni. Per inciso \u00e8 da far notare che quegli stessi che non vogliono i francesi in una compagnia aerea sono pronti a legarsi mani e piedi ad una tecnologia strategica totalmente altrui, inabbordabile per le nostre imprese nazionali, e su una operazione di produzione nucleare che ci dovrebbe garantire (cos\u00ec si dice) il 25% della nostra produzione elettrica. In campi come l&#8217;allestimento della rete di telecomunicazione di nuova generazione, in campi come le bonifiche e le reindustrializzazioni di aree a vocazione produttiva, in campi come la casa \u00e8 possibile saldare immediatamente e saggiamente con risorse pubbliche gi\u00e0 disponibili un ciclo di investimenti privati. Pretendiamo inoltre una operazione verit\u00e0 sulle infrastrutture.<br \/>\nSi apre una stagione molto seria anche per la Toscana. Ancora non si conosce l&#8217;entit\u00e0 dell&#8217;impatto prodotto dalla crisi finanziaria. Ma \u00e8 logico pensare che sar\u00e0 pesante. Si sa per\u00f2 che gi\u00e0 molte aziende che hanno possibilit\u00e0 di produrre, al momento di andare in banca a chiedere il prestito per allestire la produzione, si sentono dire che non pu\u00f2 essere concesso pi\u00f9 del 50% dell&#8217;importo dell&#8217;ordine. E avr\u00e0 da peggiorare.<br \/>\nOccorre valutare attentamente la realizzabilit\u00e0 di alcune misure come:<\/li>\n<li>Valutare la costituzione di un fondo per la partecipazione al capitale di imprese che hanno potenzialit\u00e0 di mercato ma che si trovano in difficolt\u00e0 di capitale.<\/li>\n<li>Valutare la costituzione di un fondo che ci metta in grado di aumentare la percentuale di garanzia alle imprese (dal 50% al 70%?) pretendendo che gli istituti valutino il credito concesso in funzione di queste garanzie e non dei loro rating legati al loro capitale anzich\u00e8 alla garanzia sul credito concesso. In questo contesto, comunque, le banche toscane potrebbero dare il loro contributo attraverso le fondazioni. Esse potrebbero temporaneamente rendere disponibile alle loro banche una parte del patrimonio che hanno per garantire a micro, piccole e medie imprese accesso al credito.<\/li>\n<li>Valutare la costituzione di un fondo che agisca come l&#8217;esperienza fatta sui Bond di Distretto, aperta a tutti gli istituti di credito e tendente a trasformare a medio termine la carenza di liquidit\u00e0 a breve delle imprese.<\/li>\n<li>Richiedere il congelamento delle condizioni di Basilea2 che appaiono anacronistiche in questa situazione<\/li>\n<li>Pensare uno strumento per il miglioramento delle condizioni creditizie dei cittadini che sia in grado di favorire accordi con le banche toscane per legare il tasso sui mutui almeno al tasso di riferimento della Bce, piuttosto che all&#8217;Euribor. Tra l&#8217;altro questa proposta di Bini-Smaghi ha ancor pi\u00f9 ragione di esistere dopo che la Bce ha adottato un tasso illimitato al 3,75% nel rifinanziamento delle banche. Ci\u00f2 significherebbe una riduzione di quasi un paio di punti percentuali del tasso variabile sui mutui, quindi un risparmio medio di 2000 euro all&#8217;anno.<br \/>\nE&#8217; chiaro che su questo ed altro occorrono delle valutazioni precise, ancorch\u00e8 rapide.<br \/>\nE&#8217; altrettanto chiaro che dalla Conferenza Programmatica del Partito e dal Consiglio regionale sull&#8217;economia dovr\u00e0 uscire una grande sfida di riposizionamento della Toscana che la metta in grado di decidere, unire, selezionare, accelerare e attuare una &#8220;modernizzazione pensata&#8221; della Toscana.<\/li>\n<\/ol>\n","protected":false},"excerpt":{"rendered":"<p>Siamo nel pieno di una tempesta finanziaria che incide pesantemente su una situazione economica del Paese che era gi\u00e0 molto pesante. Siamo ad un drammatico passaggio di fase nel quale appare inevitabile porre rimedio agli effetti di una interpretazione tutta finanziaria della globalizzazione che \u00e8 scattata coi mutui ipotecari, poi \u00e8 arrivata alle cartolarizzazioni dei [&hellip;]<\/p>\n","protected":false},"author":1,"featured_media":1238,"comment_status":"open","ping_status":"open","sticky":false,"template":"","format":"standard","meta":{"om_disable_all_campaigns":false,"_monsterinsights_skip_tracking":false,"_monsterinsights_sitenote_active":false,"_monsterinsights_sitenote_note":"","_monsterinsights_sitenote_category":0,"ocean_post_layout":"","ocean_both_sidebars_style":"","ocean_both_sidebars_content_width":0,"ocean_both_sidebars_sidebars_width":0,"ocean_sidebar":"","ocean_second_sidebar":"","ocean_disable_margins":"enable","ocean_add_body_class":"","ocean_shortcode_before_top_bar":"","ocean_shortcode_after_top_bar":"","ocean_shortcode_before_header":"","ocean_shortcode_after_header":"","ocean_has_shortcode":"","ocean_shortcode_after_title":"","ocean_shortcode_before_footer_widgets":"","ocean_shortcode_after_footer_widgets":"","ocean_shortcode_before_footer_bottom":"","ocean_shortcode_after_footer_bottom":"","ocean_display_top_bar":"default","ocean_display_header":"default","ocean_header_style":"","ocean_center_header_left_menu":"","ocean_custom_header_template":"","ocean_custom_logo":0,"ocean_custom_retina_logo":0,"ocean_custom_logo_max_width":0,"ocean_custom_logo_tablet_max_width":0,"ocean_custom_logo_mobile_max_width":0,"ocean_custom_logo_max_height":0,"ocean_custom_logo_tablet_max_height":0,"ocean_custom_logo_mobile_max_height":0,"ocean_header_custom_menu":"","ocean_menu_typo_font_family":"","ocean_menu_typo_font_subset":"","ocean_menu_typo_font_size":0,"ocean_menu_typo_font_size_tablet":0,"ocean_menu_typo_font_size_mobile":0,"ocean_menu_typo_font_size_unit":"px","ocean_menu_typo_font_weight":"","ocean_menu_typo_font_weight_tablet":"","ocean_menu_typo_font_weight_mobile":"","ocean_menu_typo_transform":"","ocean_menu_typo_transform_tablet":"","ocean_menu_typo_transform_mobile":"","ocean_menu_typo_line_height":0,"ocean_menu_typo_line_height_tablet":0,"ocean_menu_typo_line_height_mobile":0,"ocean_menu_typo_line_height_unit":"","ocean_menu_typo_spacing":0,"ocean_menu_typo_spacing_tablet":0,"ocean_menu_typo_spacing_mobile":0,"ocean_menu_typo_spacing_unit":"","ocean_menu_link_color":"","ocean_menu_link_color_hover":"","ocean_menu_link_color_active":"","ocean_menu_link_background":"","ocean_menu_link_hover_background":"","ocean_menu_link_active_background":"","ocean_menu_social_links_bg":"","ocean_menu_social_hover_links_bg":"","ocean_menu_social_links_color":"","ocean_menu_social_hover_links_color":"","ocean_disable_title":"default","ocean_disable_heading":"default","ocean_post_title":"","ocean_post_subheading":"","ocean_post_title_style":"","ocean_post_title_background_color":"","ocean_post_title_background":0,"ocean_post_title_bg_image_position":"","ocean_post_title_bg_image_attachment":"","ocean_post_title_bg_image_repeat":"","ocean_post_title_bg_image_size":"","ocean_post_title_height":0,"ocean_post_title_bg_overlay":0.5,"ocean_post_title_bg_overlay_color":"","ocean_disable_breadcrumbs":"default","ocean_breadcrumbs_color":"","ocean_breadcrumbs_separator_color":"","ocean_breadcrumbs_links_color":"","ocean_breadcrumbs_links_hover_color":"","ocean_display_footer_widgets":"default","ocean_display_footer_bottom":"default","ocean_custom_footer_template":"","ocean_post_oembed":"","ocean_post_self_hosted_media":"","ocean_post_video_embed":"","ocean_link_format":"","ocean_link_format_target":"self","ocean_quote_format":"","ocean_quote_format_link":"post","ocean_gallery_link_images":"on","ocean_gallery_id":[],"footnotes":""},"categories":[1],"tags":[29,105,36,60,89],"class_list":["post-1235","post","type-post","status-publish","format-standard","has-post-thumbnail","hentry","category-blog","tag-consigliere-regionale","tag-crisi","tag-economia","tag-politica","tag-presidentecommissioneeconomia","entry","has-media"],"aioseo_notices":[],"_links":{"self":[{"href":"https:\/\/vittoriobugli.it\/index.php?rest_route=\/wp\/v2\/posts\/1235","targetHints":{"allow":["GET"]}}],"collection":[{"href":"https:\/\/vittoriobugli.it\/index.php?rest_route=\/wp\/v2\/posts"}],"about":[{"href":"https:\/\/vittoriobugli.it\/index.php?rest_route=\/wp\/v2\/types\/post"}],"author":[{"embeddable":true,"href":"https:\/\/vittoriobugli.it\/index.php?rest_route=\/wp\/v2\/users\/1"}],"replies":[{"embeddable":true,"href":"https:\/\/vittoriobugli.it\/index.php?rest_route=%2Fwp%2Fv2%2Fcomments&post=1235"}],"version-history":[{"count":2,"href":"https:\/\/vittoriobugli.it\/index.php?rest_route=\/wp\/v2\/posts\/1235\/revisions"}],"predecessor-version":[{"id":1239,"href":"https:\/\/vittoriobugli.it\/index.php?rest_route=\/wp\/v2\/posts\/1235\/revisions\/1239"}],"wp:featuredmedia":[{"embeddable":true,"href":"https:\/\/vittoriobugli.it\/index.php?rest_route=\/wp\/v2\/media\/1238"}],"wp:attachment":[{"href":"https:\/\/vittoriobugli.it\/index.php?rest_route=%2Fwp%2Fv2%2Fmedia&parent=1235"}],"wp:term":[{"taxonomy":"category","embeddable":true,"href":"https:\/\/vittoriobugli.it\/index.php?rest_route=%2Fwp%2Fv2%2Fcategories&post=1235"},{"taxonomy":"post_tag","embeddable":true,"href":"https:\/\/vittoriobugli.it\/index.php?rest_route=%2Fwp%2Fv2%2Ftags&post=1235"}],"curies":[{"name":"wp","href":"https:\/\/api.w.org\/{rel}","templated":true}]}}