{"id":1264,"date":"2014-06-26T10:28:00","date_gmt":"2014-06-26T08:28:00","guid":{"rendered":"https:\/\/vittoriobugli.it\/?p=1264"},"modified":"2025-09-16T10:34:16","modified_gmt":"2025-09-16T08:34:16","slug":"alessandro-reggiani-un-professionista-di-grande-valore","status":"publish","type":"post","link":"https:\/\/vittoriobugli.it\/?p=1264","title":{"rendered":"&#8220;Alessandro Reggiani, un professionista di grande valore&#8221;"},"content":{"rendered":"\n<p>&#8220;Alessandro Reggiani \u00e8 stato un uomo della sanit\u00e0 toscana ai livelli pi\u00f9 alti. Il modello organizzativo del sistema sanitario toscano ha richiesto un grande impegno, ma non si \u00e8 fermato davanti alle difficolt\u00e0&#8221;. Sono queste le parole che il governatore della Regione Toscana, Enrico Rossi, ha pronunciato questa mattina, 26 giugno, nei locali del \u201cSan Giuseppe\u201d di Empoli, nel corso di una commossa commemorazione, organizzata dall\u2019Asl 11 in ricordo dell\u2019avvocato Alessandro Reggiani, ex direttore generale, a cui si deve la realizzazione dell\u2019ospedale di Empoli, deceduto un mese fa in seguito ad una grave malattia.<\/p>\n\n\n\n<p>\u201cHa lasciato un\u2019impronta indelebile perch\u00e9 mosso dall\u2019ambizione profonda di trasformare la realt\u00e0, migliorandola ogni giorno e contribuendo a far crescere la fiducia dei cittadini &#8211; ha proseguito il presidente Rossi &#8211; Lo ringraziamo per ci\u00f2 che ha fatto e vogliamo ricordarlo in modo onorevole anche attraverso l\u2019istituzione di una borsa di studio da assegnare ad un giovane ricercatore che voglia documentarsi sui suoi studi e interventi ai fini di una pubblicazione con il consenso della famiglia. Cercheremo di pensare anche a qualcosa di pi\u00f9. E\u2019 stato un uomo e un manager di grande valore, un esempio per tanti eccellenti professionisti della sanit\u00e0 toscana\u201d.<\/p>\n\n\n\n<p>Alla commemorazione hanno partecipato numerose autorit\u00e0 istituzionali del territorio (ex sindaci, sindaci e assessori di fresca nomina), rappresentanti delle forze dell\u2019ordine, del volontariato e dipendenti dell\u2019Asl 11, amici e gli stessi familiari di Reggiani. E\u2019 intervenuto anche Vittorio Bugli, all\u2019epoca sindaco di Empoli, oggi assessore regionale al bilancio. \u201cE\u2019 stato un punto di riferimento fondamentale per quegli anni di sindaco \u2013 ha ricordato Bugli \u2013 ma tanto e di pi\u00f9 \u00e8 stato per questo territorio. In quegli anni ha dato un grande contributo ad un territorio che cercava di evolversi e che ci stava riuscendo con una gran bella squadra alla sua guida e di cui sapeva ben farne parte. Un territorio che provava a giocare una partita di innovazione e crescita e metteva al centro la sanit\u00e0 come elemento determinante di questa innovazione. Ma pi\u00f9 di tutto \u00e8 giusto che questo territorio debba riconoscere ad Alessandro Reggiani una cosa: che senza di lui questo ospedale molto probabilmente non ci sarebbe stato. E di questo gli deve essere sempre enormemente grato\u201d.<\/p>\n\n\n\n<p>La sua parabola professionale \u00e8 stata tracciata dall\u2019attuale direttore generale dell\u2019Asl 11 Monica Piovi, ricordando le grandi opere realizzate da Reggiani negli otto anni (dal 1999 al 2008) in cui \u00e8 stato alla guida dell\u2019azienda sanitaria empolese: il nuovo ospedale (inaugurato il 12 gennaio 2008 con i suoi 46mila quadri, 400 posti letto, 8 sale operatorie, 2 sale di emodinamica, 2 tac, 2 risonanze magnetiche e una particolare attenzione al comfort della persona); il centro direzionale di via dei Cappuccini (inaugurata nel 2006, che accoglie quasi tutta la tecno struttura dell\u2019azienda, fino ad allora sparsa in molteplici edifici, ospitando 300 postazioni di lavoro, 7 sale riunioni e un\u2019aula magna da 150 posti); l\u2019Agenzia per la formazione a Sovigliana (inaugurata nel 2005, di circa 4mila mq, una vera e propria cittadella dei saperi, con 11 aule, 4 laboratori, 1 aula multimediale, 1 aula Magna che a breve gli sar\u00e0 dedicata, la biblioteca, la mensa e gli uffici); Casa Gazzarri (un centro residenziale e diurno per la psichiatria realizzato nel 2007 che comprende un centro di salute mentale); e numerose altre strutture fra cui l\u2019Arco in Cielo a Montelupo Fiorentino, la residenza \u201cLa Ginestra\u201d a Castelfiorentino, il centro diurno di Molino d&#8217;Egola a San Miniato, la ristrutturazione e l\u2019ampliamento della RSA a Castelfranco di Sotto \u201cSelene Menichetti\u201d e la RSA \u201cLe Vele\u201d a Fucecchio.<br>La sua visione di un\u2019azienda sanitaria moderna \u00e8 passata anche attraverso un processo intenso di informatizzazione (con il primo massiccio inserimento di PC in tutte le strutture, l&#8217;introduzione di una cartella clinica come prima tappa di un processo di ammodernamento informativo che unisse ospedale e territorio, per non parlare della realizzazione del RIS PACS, sistema per il trasferimento di immagini radiografiche e distanza aprendo la via alla telemedicina, si tratta del primo RIS PACS introdotto in Regione Toscana), ma anche di innovazione organizzativa, strutturale, tecnologica e gestionale dell\u2019Asl 11. Senza la sua vocazione di raccordo con il territorio non sarebbe stato possibile promuovere la nascita della Fondazione Dopo di Noi (nel 2004) e di Astro (associazione per il sostegno terapeutico e riabilitativo in oncologia fondata nel 2003), il cui presidente Paolo Scardigli ha consegnato alla moglie di Reggiani (Rossella Napolitano) un omaggio del primo decimo anniversario dell\u2019associazione destinato ai suoi soci fondatori e che Reggiani un anno fa non aveva avuto modo di ritirare personalmente.<\/p>\n\n\n\n<p>La commemorazione ha visto la presenza anche di direttori generali e amministrativi di altre aziende sanitarie toscane e di alcuni suoi ex collaboratori che hanno preso la parola per una loro personale testimonianza sull\u2019amico scomparso (l\u2019ex direttore sanitario Enrico Roccato e l\u2019ex direttore amministrativo Claudio Mazzoni). Anche l\u2019ex sindaco di San Miniato, Angelo Frosini, ha ricordato gli anni di collaborazione con Reggiani. Sono stati letti anche alcuni messaggi di cordoglio pervenuti per l\u2019occasione, da parte dell\u2019assessore regionale per il diritto alla salute Luigi Marroni, dell\u2019onorevole Dario Parrini, del professor Nicola Comodo e del dottor Alessandro Scarafuggi (suo direttore sanitario all\u2019inizio del suo incarico all\u2019Asl 11).<\/p>\n\n\n\n<p>La commemorazione ha previsto anche l\u2019inaugurazione di una targa in suo ricordo, donata dalla INSO Spa e posizionata nella sala di attesa del pianoterra del \u201cSan Giuseppe\u201d, che recita: \u201cAlla memoria dell\u2019avvocato Alessandro Reggiani, direttore generale dell\u2019Ausl 11 dal 1999 al 2008, che fortissimamente volle questo ospedale inaugurandolo il 12 gennaio 2008. L\u2019Ausl 11 con gratitudine e affetto\u201d.<br>Dopo la sua benezione, ha fatto seguito una Santa Messa nella Chiesa dell\u2019ospedale.<\/p>\n","protected":false},"excerpt":{"rendered":"<p>&#8220;Alessandro Reggiani \u00e8 stato un uomo della sanit\u00e0 toscana ai livelli pi\u00f9 alti. Il modello organizzativo del sistema sanitario toscano ha richiesto un grande impegno, ma non si \u00e8 fermato davanti alle difficolt\u00e0&#8221;. Sono queste le parole che il governatore della Regione Toscana, Enrico Rossi, ha pronunciato questa mattina, 26 giugno, nei locali del \u201cSan [&hellip;]<\/p>\n","protected":false},"author":1,"featured_media":1265,"comment_status":"open","ping_status":"open","sticky":false,"template":"","format":"standard","meta":{"om_disable_all_campaigns":false,"_monsterinsights_skip_tracking":false,"_monsterinsights_sitenote_active":false,"_monsterinsights_sitenote_note":"","_monsterinsights_sitenote_category":0,"ocean_post_layout":"","ocean_both_sidebars_style":"","ocean_both_sidebars_content_width":0,"ocean_both_sidebars_sidebars_width":0,"ocean_sidebar":"","ocean_second_sidebar":"","ocean_disable_margins":"enable","ocean_add_body_class":"","ocean_shortcode_before_top_bar":"","ocean_shortcode_after_top_bar":"","ocean_shortcode_before_header":"","ocean_shortcode_after_header":"","ocean_has_shortcode":"","ocean_shortcode_after_title":"","ocean_shortcode_before_footer_widgets":"","ocean_shortcode_after_footer_widgets":"","ocean_shortcode_before_footer_bottom":"","ocean_shortcode_after_footer_bottom":"","ocean_display_top_bar":"default","ocean_display_header":"default","ocean_header_style":"","ocean_center_header_left_menu":"","ocean_custom_header_template":"","ocean_custom_logo":0,"ocean_custom_retina_logo":0,"ocean_custom_logo_max_width":0,"ocean_custom_logo_tablet_max_width":0,"ocean_custom_logo_mobile_max_width":0,"ocean_custom_logo_max_height":0,"ocean_custom_logo_tablet_max_height":0,"ocean_custom_logo_mobile_max_height":0,"ocean_header_custom_menu":"","ocean_menu_typo_font_family":"","ocean_menu_typo_font_subset":"","ocean_menu_typo_font_size":0,"ocean_menu_typo_font_size_tablet":0,"ocean_menu_typo_font_size_mobile":0,"ocean_menu_typo_font_size_unit":"px","ocean_menu_typo_font_weight":"","ocean_menu_typo_font_weight_tablet":"","ocean_menu_typo_font_weight_mobile":"","ocean_menu_typo_transform":"","ocean_menu_typo_transform_tablet":"","ocean_menu_typo_transform_mobile":"","ocean_menu_typo_line_height":0,"ocean_menu_typo_line_height_tablet":0,"ocean_menu_typo_line_height_mobile":0,"ocean_menu_typo_line_height_unit":"","ocean_menu_typo_spacing":0,"ocean_menu_typo_spacing_tablet":0,"ocean_menu_typo_spacing_mobile":0,"ocean_menu_typo_spacing_unit":"","ocean_menu_link_color":"","ocean_menu_link_color_hover":"","ocean_menu_link_color_active":"","ocean_menu_link_background":"","ocean_menu_link_hover_background":"","ocean_menu_link_active_background":"","ocean_menu_social_links_bg":"","ocean_menu_social_hover_links_bg":"","ocean_menu_social_links_color":"","ocean_menu_social_hover_links_color":"","ocean_disable_title":"default","ocean_disable_heading":"default","ocean_post_title":"","ocean_post_subheading":"","ocean_post_title_style":"","ocean_post_title_background_color":"","ocean_post_title_background":0,"ocean_post_title_bg_image_position":"","ocean_post_title_bg_image_attachment":"","ocean_post_title_bg_image_repeat":"","ocean_post_title_bg_image_size":"","ocean_post_title_height":0,"ocean_post_title_bg_overlay":0.5,"ocean_post_title_bg_overlay_color":"","ocean_disable_breadcrumbs":"default","ocean_breadcrumbs_color":"","ocean_breadcrumbs_separator_color":"","ocean_breadcrumbs_links_color":"","ocean_breadcrumbs_links_hover_color":"","ocean_display_footer_widgets":"default","ocean_display_footer_bottom":"default","ocean_custom_footer_template":"","ocean_post_oembed":"","ocean_post_self_hosted_media":"","ocean_post_video_embed":"","ocean_link_format":"","ocean_link_format_target":"self","ocean_quote_format":"","ocean_quote_format_link":"post","ocean_gallery_link_images":"on","ocean_gallery_id":[],"footnotes":""},"categories":[1],"tags":[30,44,56],"class_list":["post-1264","post","type-post","status-publish","format-standard","has-post-thumbnail","hentry","category-blog","tag-assessore-regionale","tag-empolesevaldelsa","tag-sanita","entry","has-media"],"aioseo_notices":[],"_links":{"self":[{"href":"https:\/\/vittoriobugli.it\/index.php?rest_route=\/wp\/v2\/posts\/1264","targetHints":{"allow":["GET"]}}],"collection":[{"href":"https:\/\/vittoriobugli.it\/index.php?rest_route=\/wp\/v2\/posts"}],"about":[{"href":"https:\/\/vittoriobugli.it\/index.php?rest_route=\/wp\/v2\/types\/post"}],"author":[{"embeddable":true,"href":"https:\/\/vittoriobugli.it\/index.php?rest_route=\/wp\/v2\/users\/1"}],"replies":[{"embeddable":true,"href":"https:\/\/vittoriobugli.it\/index.php?rest_route=%2Fwp%2Fv2%2Fcomments&post=1264"}],"version-history":[{"count":1,"href":"https:\/\/vittoriobugli.it\/index.php?rest_route=\/wp\/v2\/posts\/1264\/revisions"}],"predecessor-version":[{"id":1266,"href":"https:\/\/vittoriobugli.it\/index.php?rest_route=\/wp\/v2\/posts\/1264\/revisions\/1266"}],"wp:featuredmedia":[{"embeddable":true,"href":"https:\/\/vittoriobugli.it\/index.php?rest_route=\/wp\/v2\/media\/1265"}],"wp:attachment":[{"href":"https:\/\/vittoriobugli.it\/index.php?rest_route=%2Fwp%2Fv2%2Fmedia&parent=1264"}],"wp:term":[{"taxonomy":"category","embeddable":true,"href":"https:\/\/vittoriobugli.it\/index.php?rest_route=%2Fwp%2Fv2%2Fcategories&post=1264"},{"taxonomy":"post_tag","embeddable":true,"href":"https:\/\/vittoriobugli.it\/index.php?rest_route=%2Fwp%2Fv2%2Ftags&post=1264"}],"curies":[{"name":"wp","href":"https:\/\/api.w.org\/{rel}","templated":true}]}}