{"id":1267,"date":"2008-11-30T11:53:00","date_gmt":"2008-11-30T10:53:00","guid":{"rendered":"https:\/\/vittoriobugli.it\/?p=1267"},"modified":"2025-09-16T11:56:06","modified_gmt":"2025-09-16T09:56:06","slug":"societa-della-salute-il-consiglio-regionale-approva-la-legge","status":"publish","type":"post","link":"https:\/\/vittoriobugli.it\/?p=1267","title":{"rendered":"Societ\u00e0 della Salute il Consiglio Regionale approva la legge"},"content":{"rendered":"<p>Il Consiglio Regionale ha approvato la Proposta di legge regionale n. 271\/2008 &quot;Modifica alla Legge Regionale 24 febbraio 2005, n.40 (Disciplina del servizio sanitario regionale)&quot; nella quale sono contenute, tra l&#8217;altro, le nuove norme in merito di Societ\u00e0 della Salute.<br \/>\nLa PdL, gi\u00e0 pubblicata in un mio precedente Articolo, \u00e8 stata approvata con i seguenti emendamenti:<br \/>\nArt. 21<br \/>\nInserire al comma 1 dell&#8217;art.18 della I.r. 40\/2005 dopo le parole &quot;servizi sanitari e sociali integrati&quot;:<br \/>\n&quot;in relazione ai bisogni assistenziali della popolazione rilevati dagli strumenti di valutazione e di monitoraggio della programmazione sanitaria e sociale integrata di cui all&#8217;art.20 e dagli studi di ricerca epidemiologica affidati all&#8217;Agenzia regionale di salute ed alle societ\u00e0 scientifiche.<br \/>\nART. 26<br \/>\nAl comma 2 dopo&quot; E&#8217; compito del PIS:&quot; inserire<br \/>\na) definire il profilo epidemiologico delle comunit\u00e0 locali, con particolare attenzione alle condizioni dei gruppi di popolazione che, per caratteristiche socio-economiche, etnico-culturali, residenziali, sono a maggiore rischio in termini di: a) stili di vita, con particolare riferimento a quelli connessi -, alle patologie croniche; b) difficolt\u00e0 di carattere culturale e organizzativo nell&#8217;accesso ai servizi, con particolare riferimento ai servizi di prevenzione individuale e collettiva e alla medicina generale; c) barriere strutturali alla accesso ai servizi e alla continuit\u00e0 delle cure assistenziali (viabilit\u00e0, percorsi, accessi per portatori di handicap, orari inadeguati per specifiche categorie di utenza).<br \/>\nDi conseguenza le attuali lettere da A a F diventano b-c-d-e-f-g<br \/>\nb) definire gli obiettivi di salute e benessere e i relativi standard quantitativi e qualitativi zonali in linea con gli indirizzi regionali, tenendo conto del profilo di salute e dei bisogni sanitari e sociali delle comunit\u00e0 locali, ed in particolare: attivare progetti coerenti con la sanit\u00e0 d&#8217;iniziativa (es, promuovere interventi rivolti ad aumentare la capacit\u00e0 delle persone a gestire con maggiore competenza e correttezza la propria salute); individuare efficaci azioni di contrasto nei confronti delle diseguaglianze nella salute e nell&#8217; assistenza sanitaria; adottare strategie per rendere pi\u00f9 facili i progetti individuali di cambiamento degli stili di vita.<br \/>\nAl comma 5 dopo le parole &quot;dalla conferenza zonale dei sindaci&quot; aggiungere le seguenti: &quot;, previo parere dei consigli comunali da esprimere entro trenta giorni dal loro ricevimento;&quot;<br \/>\nART. 27<br \/>\nAl comma 2 dopo le parole &quot;Le conferenze aziendali dei sindaci &quot;inserire&quot; &quot;,previo parere dei consigli comunali,&quot;<br \/>\nART. 30<br \/>\nAggiungere alla lettera a) comma 1 dell&#8217;art. 25 della I.r. 40\/2005 dopo la parola &quot;assistenza&quot;:<br \/>\n&quot;ed al funzionamento degli Enti per i Servizi Tecnico-Amministrativi di Area Vasta di cui all&#8217;art.100&quot;.<br \/>\nART. 33<br \/>\nAl comma 6, dell&#8217;articolo 29 della l.r. 40\/2005 inserire, dopo le parole, &quot;Giunta regionale&quot; le<br \/>\nseguenti parole:<br \/>\n&#8221;fermo restando il diritto dei cittadini di ricorrere ai\/e prestazioni dei produttori accreditati quando lo struttura pubblica non sia in grado di assicurare le prestazioni nei tempi necessari, secondo le modalit\u00e0 stabilite dalla Giunta regionale e in relazione alle risorse disponibili e alla attuazione della programmazione regionale&quot;.<br \/>\nART. 39<br \/>\nAl comma 3 le parole &quot;possa essere coadiuvato&quot; sono sostituite dalle seguenti: &quot;sia coadiuvato&quot;<br \/>\nART. 49 \u00e8 cos\u00ec sostituito:<br \/>\nDopo l&#8217;articolo 59 della l.r. 40\/2005 \u00e8 inserito il seguente:<br \/>\n&quot;Art. 59 bis<br \/>\nConferimento dell&#8217;incarico dirigenziale di direttore di struttura complessa di aziende sanitarie<\/p>\n<ol>\n<li>L&#8217;incarico di direzione di struttura complessa \u00e8 conferito, ai dirigenti del ruolo sanitario in possesso dei requisiti di cui al DPR 484 del 10 dicembre 1997, a seguito di avviso nella Gazzetta Ufficiale della Repubblica Italiana, dal direttore generale dell&#8217;azienda sanitaria competente, con atto motivato sulla base della relazione istruttoria e illustrativa della commissione tecnica di cui al comma 3, alla quale compete l&#8217;accertamento dell&#8217;idoneit\u00e0 dei candidati.<\/li>\n<li>La commissione tecnica redige la relazione di cui al comma 1, sulla base dei criteri previsti dal DPR 484 del 10 dicembre 1997, a seguito di un colloquio e dell&#8217;esame del curriculum professionale, con particolare riferimento alla casistica certificata e alla attivit\u00e0 didattica e scientifica documentata.<\/li>\n<li>La commissione tecnica \u00e8 costituita dopo la scadenza dei termini per la presentazione delle domande. La commissione tecnica, nominata dal direttore generale, \u00e8 composta dal direttore sanitario con funzioni di Presidente e da due dirigenti dei ruoli del personale del servizio sanitario, preposti ad una struttura complessa della disciplina oggetto di incarico. I due componenti sono scelti tramite sorteggio tra i dirigenti iscritti nei ruoli nominativi regionali. Il sorteggio \u00e8 effettuato con le medesime modalit\u00e0 previste dalla normativa vigente per i concorsi per dirigente del ruolo sanitario. Per ciascun componente \u00e8 individuato, con le medesime modalit\u00e0, un supplente.<\/li>\n<li>Restano valide le nomine delle commissioni effettuate anteriormente alla data di entrata in vigore della presente legge &quot;<br \/>\nART.  57 aggiungere il seguente comma:<br \/>\n&quot;1 bis. Il comma 3 dell&#8217;artico\u00eco 67 della l.r. 40\/2005 \u00e8 cos\u00ec sostituito:<br \/>\n&quot;3. Il Dipartimento&#8217;della &#8216;prevenzione si articola nelle seguenti attivit\u00e0:<br \/>\na) Igiene pubblica e medicina dello sport;<br \/>\nb) Alimenti, e nutrizione;<br \/>\nc) Igiene degli alimenti di origine animale, sanit\u00e0 animale, igiene degli allevamenti e zootecnia;<br \/>\nd) Prevenzione, igiene e sicurezza nei luoghi di lavoro;<br \/>\ne) Medicina legale<br \/>\nOgni azienda unit\u00e0 sanitaria locale costituisce settori che, comprendono le attivit\u00e0 di cui alle lettere precedenti.&quot;&quot;<br \/>\nART: 69<br \/>\nSostituire la parte iniziale del comma 2 dell&#8217;art.71 decies della I.r. 40\/2005 con il seguente testo:<br \/>\n&quot;2. il Collegio Sindacale \u00e8 nominato dall&#8217;assemblea dei soci ed \u00e8 composto da tre membri di cui uno designato dal&#8217;Azienda sanitaria territorialmente competente. Esercita il controllo&#8230;&quot;.<br \/>\nART. 73<br \/>\nAggiungere all&#8217;art. 71 quaterdecies della l.r. 40\/2005 il seguente comma 2:<br \/>\n&quot;2. i beni immobili e gli altri beni dei Comuni e delle Azienda Sanitarie che sono funzionali allo svolgimento delle attivit\u00e0 della Societ\u00e0 della Salute sono concessi alle stesse in comodato d&#8217;uso gratuito per tutta la durata del Consorzio&#8217;<br \/>\nArt. 92bis<br \/>\nSopprimere l&#8217;ultimo capoverso del comma 10<br \/>\nAggiungere il comma 10 bis<br \/>\n&quot;10 bis) Gli immobili alienati alle organizzazioni di volontariato non sono suscettibili di ulteriore alienazione per un periodo di almeno trenta anni dalla data di acquisizione salvo deroga autorizzata dalla Giunta regionale ove permangano rispetto al nuovo acquirente tutte le condizioni previste dal comma precedente.&quot;<br \/>\nART. 103 sono apportate le seguenti modifiche:<br \/>\n&quot;Art. 142 bis  Norme transitorie<br \/>\na conclusione del comma 5 E&#8217; introdotto il seguente periodo:<br \/>\n&quot; &#8230; , nonch\u00e9 essere individuate le attivit\u00e0 di assistenza sociale di cui all&#8217;articolo 71 bis, comma 3, lettera d). &quot;<br \/>\nIl comma 6 \u00e8 cos\u00ec sostituito:<br \/>\n&quot;6. Le societ\u00e0 della salute esistenti sono tenute ad adeguarsi alle disposizioni di cui al capo III bis del titolo V entro un anno dalla entrata in vigore della presente legge; dopo tale termine, in caso di mancato adeguamento, alle societ\u00e0 della salute non viene riconosciuto il contributo di cui all&#8217;articolo 143, comma 2 bis. &quot;<br \/>\nAlla fine del comma 9 \u00e8 introdotto il seguente periodo:<br \/>\n&quot; .. .i contratti dei direttori dei servizi sociali in essere alla data di entrata in vigore della presente legge rimangono comunque validi fino alla scadenza del termine di cui al comma 6.&quot;<br \/>\nEmendamento all&#8217;allegato A<br \/>\nIl titolo dell&#8217;allegato \u00e8 cos\u00ec sostituito:<br \/>\nAllegato A &#8211; gli ambiti territoriali del servizio sanitario regionale. Ambiti aziendali e zone-distretto&quot;<br \/>\nNell&#8217;elenco delle Zone-distretto sostituire &quot;dell&#8217;Amiata senese e Val d&#8217;Orcia&quot;<\/li>\n<\/ol>\n","protected":false},"excerpt":{"rendered":"<p>Il Consiglio Regionale ha approvato la Proposta di legge regionale n. 271\/2008 &quot;Modifica alla Legge Regionale 24 febbraio 2005, n.40 (Disciplina del servizio sanitario regionale)&quot; nella quale sono contenute, tra l&#8217;altro, le nuove norme in merito di Societ\u00e0 della Salute. La PdL, gi\u00e0 pubblicata in un mio precedente Articolo, \u00e8 stata approvata con i seguenti [&hellip;]<\/p>\n","protected":false},"author":1,"featured_media":1145,"comment_status":"open","ping_status":"open","sticky":false,"template":"","format":"standard","meta":{"om_disable_all_campaigns":false,"_monsterinsights_skip_tracking":false,"_monsterinsights_sitenote_active":false,"_monsterinsights_sitenote_note":"","_monsterinsights_sitenote_category":0,"ocean_post_layout":"","ocean_both_sidebars_style":"","ocean_both_sidebars_content_width":0,"ocean_both_sidebars_sidebars_width":0,"ocean_sidebar":"","ocean_second_sidebar":"","ocean_disable_margins":"enable","ocean_add_body_class":"","ocean_shortcode_before_top_bar":"","ocean_shortcode_after_top_bar":"","ocean_shortcode_before_header":"","ocean_shortcode_after_header":"","ocean_has_shortcode":"","ocean_shortcode_after_title":"","ocean_shortcode_before_footer_widgets":"","ocean_shortcode_after_footer_widgets":"","ocean_shortcode_before_footer_bottom":"","ocean_shortcode_after_footer_bottom":"","ocean_display_top_bar":"default","ocean_display_header":"default","ocean_header_style":"","ocean_center_header_left_menu":"","ocean_custom_header_template":"","ocean_custom_logo":0,"ocean_custom_retina_logo":0,"ocean_custom_logo_max_width":0,"ocean_custom_logo_tablet_max_width":0,"ocean_custom_logo_mobile_max_width":0,"ocean_custom_logo_max_height":0,"ocean_custom_logo_tablet_max_height":0,"ocean_custom_logo_mobile_max_height":0,"ocean_header_custom_menu":"","ocean_menu_typo_font_family":"","ocean_menu_typo_font_subset":"","ocean_menu_typo_font_size":0,"ocean_menu_typo_font_size_tablet":0,"ocean_menu_typo_font_size_mobile":0,"ocean_menu_typo_font_size_unit":"px","ocean_menu_typo_font_weight":"","ocean_menu_typo_font_weight_tablet":"","ocean_menu_typo_font_weight_mobile":"","ocean_menu_typo_transform":"","ocean_menu_typo_transform_tablet":"","ocean_menu_typo_transform_mobile":"","ocean_menu_typo_line_height":0,"ocean_menu_typo_line_height_tablet":0,"ocean_menu_typo_line_height_mobile":0,"ocean_menu_typo_line_height_unit":"","ocean_menu_typo_spacing":0,"ocean_menu_typo_spacing_tablet":0,"ocean_menu_typo_spacing_mobile":0,"ocean_menu_typo_spacing_unit":"","ocean_menu_link_color":"","ocean_menu_link_color_hover":"","ocean_menu_link_color_active":"","ocean_menu_link_background":"","ocean_menu_link_hover_background":"","ocean_menu_link_active_background":"","ocean_menu_social_links_bg":"","ocean_menu_social_hover_links_bg":"","ocean_menu_social_links_color":"","ocean_menu_social_hover_links_color":"","ocean_disable_title":"default","ocean_disable_heading":"default","ocean_post_title":"","ocean_post_subheading":"","ocean_post_title_style":"","ocean_post_title_background_color":"","ocean_post_title_background":0,"ocean_post_title_bg_image_position":"","ocean_post_title_bg_image_attachment":"","ocean_post_title_bg_image_repeat":"","ocean_post_title_bg_image_size":"","ocean_post_title_height":0,"ocean_post_title_bg_overlay":0.5,"ocean_post_title_bg_overlay_color":"","ocean_disable_breadcrumbs":"default","ocean_breadcrumbs_color":"","ocean_breadcrumbs_separator_color":"","ocean_breadcrumbs_links_color":"","ocean_breadcrumbs_links_hover_color":"","ocean_display_footer_widgets":"default","ocean_display_footer_bottom":"default","ocean_custom_footer_template":"","ocean_post_oembed":"","ocean_post_self_hosted_media":"","ocean_post_video_embed":"","ocean_link_format":"","ocean_link_format_target":"self","ocean_quote_format":"","ocean_quote_format_link":"post","ocean_gallery_link_images":"on","ocean_gallery_id":[],"footnotes":""},"categories":[1],"tags":[29,56,26],"class_list":["post-1267","post","type-post","status-publish","format-standard","has-post-thumbnail","hentry","category-blog","tag-consigliere-regionale","tag-sanita","tag-sociale","entry","has-media"],"aioseo_notices":[],"_links":{"self":[{"href":"https:\/\/vittoriobugli.it\/index.php?rest_route=\/wp\/v2\/posts\/1267","targetHints":{"allow":["GET"]}}],"collection":[{"href":"https:\/\/vittoriobugli.it\/index.php?rest_route=\/wp\/v2\/posts"}],"about":[{"href":"https:\/\/vittoriobugli.it\/index.php?rest_route=\/wp\/v2\/types\/post"}],"author":[{"embeddable":true,"href":"https:\/\/vittoriobugli.it\/index.php?rest_route=\/wp\/v2\/users\/1"}],"replies":[{"embeddable":true,"href":"https:\/\/vittoriobugli.it\/index.php?rest_route=%2Fwp%2Fv2%2Fcomments&post=1267"}],"version-history":[{"count":2,"href":"https:\/\/vittoriobugli.it\/index.php?rest_route=\/wp\/v2\/posts\/1267\/revisions"}],"predecessor-version":[{"id":1269,"href":"https:\/\/vittoriobugli.it\/index.php?rest_route=\/wp\/v2\/posts\/1267\/revisions\/1269"}],"wp:featuredmedia":[{"embeddable":true,"href":"https:\/\/vittoriobugli.it\/index.php?rest_route=\/wp\/v2\/media\/1145"}],"wp:attachment":[{"href":"https:\/\/vittoriobugli.it\/index.php?rest_route=%2Fwp%2Fv2%2Fmedia&parent=1267"}],"wp:term":[{"taxonomy":"category","embeddable":true,"href":"https:\/\/vittoriobugli.it\/index.php?rest_route=%2Fwp%2Fv2%2Fcategories&post=1267"},{"taxonomy":"post_tag","embeddable":true,"href":"https:\/\/vittoriobugli.it\/index.php?rest_route=%2Fwp%2Fv2%2Ftags&post=1267"}],"curies":[{"name":"wp","href":"https:\/\/api.w.org\/{rel}","templated":true}]}}