{"id":1351,"date":"2009-04-24T15:43:00","date_gmt":"2009-04-24T13:43:00","guid":{"rendered":"https:\/\/vittoriobugli.it\/?p=1351"},"modified":"2025-09-22T15:44:58","modified_gmt":"2025-09-22T13:44:58","slug":"crisi-le-misure-per-i-lavoratori","status":"publish","type":"post","link":"https:\/\/vittoriobugli.it\/?p=1351","title":{"rendered":"Crisi, le misure per i lavoratori"},"content":{"rendered":"<p>L&#8217;assessorato regionale alla formazione e al lavoro nelle scorse settimane ha precisato il complesso delle misure poste in essere dalla Regione in favore dei lavoratori in questo particolare momento di crisi economica. Vengono elencate di seguito, facendo riferimento anche al relativo investimento finanziario.<\/p>\n<p>Secondo quanto dichiarato dall&#8217;Assessore Simoncini, la Regione ha gi\u00e0 stanziato 60 milioni di euro del proprio bilancio per misure anticrisi. Inoltre per quanto riguarda la Cassa Integrazione, dopo l&#8217;accordo fra Governo e Regioni del 12 febbraio scorso, la Toscana metter\u00e0 a disposizione fino a 100 milioni tratti dal Fondo sociale europeo per il finanziamento della Cassa integrazione in deroga, cui il governo aggiunger\u00e0 fino a 250 milioni di cofinanziamento statale. L&#8217;accordo attuativo con il Governo \u00e8 stato firmato lo scorso 16 aprile e sono gi\u00e0 disponibili 60 milioni di euro.<\/p>\n<p>Le misure della Regione Toscana<\/p>\n<p>Legge 12\/2009 &#8211; MISURE PER I DISOCCUPATI<\/p>\n<p>E&#8217; divenuta legge lo scorso 27 marzo la PdL della Giunta che interviene sulla legge Finanziaria 2009 al fine, come afferma il preambolo, di adottare &quot;misure straordinarie di sostegno al reddito dirette ai lavoratori disoccupati che non risultano beneficiari degli ammortizzatori sociali, ai lavoratori precari e con contratti atipici, a complemento di quelle varate dal legislatore nazionale&quot; e &quot;sostenere finanziariamente i lavoratori che, a causa della perdita anche momentanea del lavoro, pur se sostenuti da ammortizzatori sociali, hanno difficolt\u00e0 ad adempiere correttamente al pagamento delle rate di ammortamento del mutuo ipotecario per l&#8217;acquisto della prima casa, prevenendo cos\u00ec l&#8217;instaurarsi di azioni esecutive che porterebbero alla perdita della casa e tutelando il risparmio delle famiglie&quot;.<\/p>\n<p>La legge 12\/2009 modifica la finanziaria 2009 ed istituisce il &quot;Fondo regionale per le misure a sostegno dei lavoratori disoccupati&quot;, che per il 2009 ha una disponibilit\u00e0 pari a 5 milioni di euro ed ha il fine di compiere interventi in favore dei lavoratori a tempo determinato o indeterminato ed ai titolari di contratti di collaborazione a progetto.<\/p>\n<p>Per i titolari di mutuo ipotecario contratto per l&#8217;acquisto della prima casa e che non beneficiano di altre garanzie reali o personali, viene attribuito un ulteriore contributo una tantum pari ad euro 1.650 (che in questo caso \u00e8 previsto anche per i lavoratori in CIG o che percepiscano l&#8217;indennit\u00e0 di mobilit\u00e0).<\/p>\n<p>La Giunta, con la delibera 263\/2009 dello scorso 6 aprile, ha dato attuazione alla previsione legislativa emanando gli indirizzi per l&#8217;individuazione dei beneficiari di queste due importanti misure.<\/p>\n<p>&quot;Indirizzi per gli interventi di sostegno al reddito, di cui all&#8217;art. 6 ter della L.R. 69\/2008 &quot;<br \/>\nBeneficiari<br \/>\nPossono presentare domanda di contributo i soggetti:<\/p>\n<ol>\n<li>residenti in Toscana;<\/li>\n<li>provenienti da imprese con unit\u00e0 produttive o operative ubicate in Toscana<\/li>\n<li>la cui soglia di reddito riferito all&#8217;anno 2008 ed accertato secondo la normativa in materia di Indicatore della Situazione Economica Equivalente (ISEE) sia di ammontare non superiore a 12.500,00 euro;<\/li>\n<li>che nel periodo intercorrente dal 01\/12\/2008 al 31\/12\/2009 rientrino nelle seguenti condizioni:<br \/>\na) lavoratori a tempo indeterminato licenziati con un&#8217;anzianit\u00e0 lavorativa presso la stessa impresa di almeno 180 giorni solari complessivi. Da tale condizione si escludono il licenziamento per giusta causa, per giustificato motivo soggettivo, per mancato superamento del periodo di prova, per superamento del periodo di comporto e le dimissioni volontarie non connesse a causa di crisi aziendale;<br \/>\nb) titolari di contratto di collaborazione a progetto, di cui all&#8217;art. 61 e seguenti del decreto legislativo n. 276\/2003, con contratto intercorrente con un unico committente imprenditore e della durata minima di 180 giorni solari, ex art. 66 D.Lgs. 276\/2003, (consecutivi o considerati nell&#8217;arco di 10 mesi complessivi), risolto dal committente per assoggettamento dell&#8217;azienda a procedura concorsuale, per cessazione dell&#8217;attivit\u00e0, o per riduzione dell&#8217;organico aziendale dovuta alla situazione di crisi;<br \/>\nc) lavoratori a tempo determinato, provenienti da aziende assoggettate a procedura concorsuale, che abbiano cessato l&#8217;attivit\u00e0 o che abbiano attuato una riduzione dell&#8217;organico aziendale dovuta alla situazione di crisi , con un&#8217;anzianit\u00e0 lavorativa presso la stessa impresa di almeno 180 giorni solari complessivi. Da tale condizione si escludono il licenziamento per giusta causa, per giustificato motivo soggettivo, per mancato superamento del periodo di prova, per superamento del periodo di comporto e le dimissioni volontarie non connesse a causa di crisi aziendale;<\/li>\n<li>che siano iscritti, per la tipologia a) da almeno 3 mesi alle liste di disoccupazione presso i Centri per l&#8217;Impiego o che, per le tipologie b) e c) risultino non occupati per almeno tre mesi e non beneficino di interventi di sostegno al reddito derivanti da ammortizzatori sociali in normativa vigente o in deroga;<\/li>\n<li>che abbiano sottoscritto con il Centro per l&#8217;Impiego il patto di servizio integrato, di cui all&#8217;art. 14 comma 3 del Regolamento regionale, emanato con D.P.G.R. 4.2.2004 n. 7\/R, con il quale il disoccupato si impegna a svolgere le azioni<br \/>\nconcordate nel piano di azione individuale;<\/li>\n<li>che non abbiano richiesto o non siano beneficiari di similari provvedimenti pubblici adottati dal governo centrale e\/o da altre amministrazioni pubbliche locali (Province e Comuni). In caso di erogazioni pubbliche comunque l&#8217;importo<br \/>\ndel contributo regionale \u00e8 pari alla differenza tra l&#8217;importo del contributo regionale e quanto gi\u00e0 percepito.<br \/>\nL&#8217;entit\u00e0 del contributo \u00e8 pari a \u20ac 1.650,00.<\/li>\n<\/ol>\n<p>&quot;Indirizzi per il riconoscimento di contributi ai titolari di mutuo per l&#8217;acquisto della prima casa di cui all&#8217;art. 6 quater della L.R. 69\/2008&quot;<br \/>\nBeneficiari<br \/>\nPossono presentare domanda di contributo i soggetti:<\/p>\n<ol>\n<li>residenti in Toscana;<\/li>\n<li>provenienti da imprese con unit\u00e0 produttive o operative ubicate in Toscana<\/li>\n<li>la cui soglia di reddito riferito all&#8217;anno 2008 ed accertato secondo la normativa in materia di Indicatore della Situazione Economica Equivalente (ISEE) sia di ammontare non superiore a 12.500,000 euro;<\/li>\n<li>che nel periodo intercorrente dal 01\/12\/2008 al 31\/12\/2009 rispondano ai seguenti requisiti:<br \/>\na) lavoratori licenziati con un&#8217;anzianit\u00e0 lavorativa presso la stessa impresa di almeno 180 giorni solari complessivi. Da tale condizione si escludono il licenziamento per giusta causa, per giustificato motivo soggettivo, per mancato superamento del periodo di prova, per superamento del periodo di comporto e le dimissioni volontarie non connesse a causa di crisi aziendale;<br \/>\nb) titolari di contratto di collaborazione a progetto, di cui al&#8217;art. 61 e seguenti del decreto legislativo n. 276\/2003, con contratto intercorrente con un unico committente imprenditore e della durata minima di 180 giorni solari, ex art. 66 D.Lgs. 276\/2003, (consecutivi o considerati nell&#8217;arco di 10 mesi complessivi), risolto dal committente per assoggettamento dell&#8217;azienda a procedura concorsuale, per cessazione dell&#8217;attivit\u00e0, o per riduzione dell&#8217;organico aziendale dovuta alla situazione di crisi;<br \/>\nc) lavoratori a tempo determinato, provenienti da aziende assoggettate a procedura concorsuale, che abbiano cessato l&#8217;attivit\u00e0 o che abbiano attuato una riduzione dell&#8217;organico aziendale dovuta alla situazione di crisi , con un&#8217;anzianit\u00e0 lavorativa presso la stessa impresa di almeno 180 giorni solari complessivi. Da tale condizione si escludono il licenziamento per giusta causa, per giustificato motivo soggettivo, per mancato superamento del periodo di prova, per superamento del periodo di comporto e le dimissioni volontarie non connesse a causa di crisi aziendale;<br \/>\nd) beneficiari della Cassa Integrazione Guadagni Straordinaria, anche in deroga, o dell&#8217;indennit\u00e0 di mobilit\u00e0<\/li>\n<li>i soggetti titolari di un mutuo per l&#8217;acquisto della prima casa su cui non sono state concesse alla banca mutuante altre garanzie reali o personali. L&#8217;immobile acquisito con il mutuo:<br \/>\nnon deve rientrare nelle categorie catastali A1, A8 e A9;<br \/>\nnon deve avere un valore risultante dal contratto di mutuo superiore a 250.000 \u20ac;<\/li>\n<li>i soggetti in regola con gli obblighi di pagamento nei confronti della propria banca mutuante al momento della richiesta<\/li>\n<li>che non abbiano richiesto o non siano beneficiari di altri contributi pubblici erogati allo stesso titolo per un valore pari o superiore a \u20ac 1.650,00; in caso di altre erogazioni pubbliche di valore inferiore, il contributo regionale \u00e8 ridotto di pari importo.<br \/>\n8 ) che non abbiano ottenuto dalla propria banca mutuante la sospensione gratuita del mutuo, anche in virt\u00f9 di provvedimenti statali o di altre pubbliche amministrazioni.<br \/>\nL&#8217;entit\u00e0 del contributo \u00e8 pari a \u20ac 1.650,00, salvo quanto stabilito al punto 7).<br \/>\nIn caso di mutui cointestati, i requisiti di cui ai punt1 1),2),3) e 4 dovranno essere posseduti da almeno un cointestario.<br \/>\nLa domanda pu\u00f2 essere inoltra fino al 31\/1\/2010 con riferimento agli oneri finanziaria sostenuti nel 2009.<\/li>\n<\/ol>\n<p>La Giunta ha infine deciso di  affidare ad ARTEA la gestione e l&#8217;erogazione del contributo.<\/p>\n<p>Risorse: 5 milioni di euro<\/p>\n<p>Contratti di solidariet\u00e0, 1 milione dalla Regione<\/p>\n<p>Lo scorso 20 aprile la Giunta ha approvato la delibera n. 312 con cui la Regione incentiva il ricorso ai contratti di solidariet\u00e0 nelle aziende con una prima tranche di 1 milione di euro.<\/p>\n<p>La delibera fissa le modalit\u00e0 di erogazione alle imprese, tra cui l&#8217;intervento regionale comprende anche le aziende alberghiere, le aziende termali pubbliche e private operanti nelle localit\u00e0 termali che presentano gravi crisi occupazionali e le imprese artigiane non rientranti nel campo di applicazione del trattamento straordinario di integrazione salariale.<\/p>\n<p>La Regione integra il reddito dei lavoratori interessati con cadenza trimestrale, per un importo pari al 20% della retribuzione.<\/p>\n<p>Risorse: 1 milione di euro<\/p>\n<p>Anticipazione ai lavoratori della Cassa Integrazione straordinaria<\/p>\n<p>Il Fondo, gestito da FidiToscana ed attivato attraverso le banche, prevede uno stanziamento per sostenere il reddito dei lavoratori in attesa del perfezionamento delle pratiche per l&#8217;erogazione della Cassa integrazione guadagni straordinaria con un prestito ai lavoratori di aziende che, a fronte di grave situazione finanziaria o fallimento, non sono in grado di anticipare la cassa ai propri dipendenti.<br \/>\nRisorse anno 2009 : 800 mila euro<\/p>\n<p>Fondo europeo di adeguamento alla globalizzazione<\/p>\n<p>Il carattere particolarmente accentuato e duraturo della crisi del settore manifatturiero tessile ha richiesto il ricorso a misure occupazionali specifiche, in grado di tutelare i lavoratori a rischio di perdita del posto di lavoro e favorirne un reinserimento attivo nel mercato del lavoro. All&#8217;inizio 2008 si \u00e8 attivato un intervento integrato tra ministero del Lavoro con il supporto tecnico di Italia Lavoro e la Regione Toscana, la Provincia di Prato e le parti sociali, per presentare domanda alla Comunit\u00e0 europea per l&#8217;utilizzo del Fondo europeo di adeguamento alla globalizzazione (FEG). La Regione si \u00e8 vista finanziare un progetto presentato con il ministero del Lavoro e approvato per un ammontare di circa 8 milioni di euro, di cui la met\u00e0 a carico di Stato e Regione, l&#8217;altro della Commissione europea. Si tratta quindi di 4 milioni a carico del bilancio regionale.<\/p>\n<p>Fondo di garanzia per i lavoratori atipici<\/p>\n<p>Un fondo di garanzia per i lavoratori a tempo non indeterminato per l&#8217;accesso al credito finalizzato ad interventi relativi a condizione familiare, alloggiativa, scolastica, formativa, lavorativa e di salute nonch\u00e9 all&#8217;acquisto di beni strumentali che aumentino la possibilit\u00e0 di assunzione in pianta stabile.<br \/>\nRisorse anno 2009 : 1 milione di euro.<\/p>\n<p>Fondo per la stabilizzazione e per i lavoratori in mobilit\u00e0<\/p>\n<p>Il fondo prevede la concessione di aiuti a favore di imprese per la stabilizzazione dei lavoratori a tempo determinato e per le assunzioni a tempo indeterminato di lavoratori iscritti nelle liste di mobilit\u00e0. Saranno erogati 4 mila euro per ogni assunzione a tempo indeterminato full time; 2500 per assunzioni a tempo indeterminato part time.<br \/>\nRisorse anno 2009 : 2 milioni e 200 mila euro<\/p>\n<p>Fondo per l&#8217;occupazione femminile<\/p>\n<p>Il fondo attiva la concessione di aiuti a favore di imprese per assunzioni a tempo indeterminato di donne disoccupate che abbiano compiuto 35 anni attraverso contratti di lavoro part-time e full-time (2500 assunzioni part-time; 4000 euro per assunzioni full-time).<br \/>\nRisorse anno 2009 : 800.000 euro<\/p>\n<p>Fondo per i giovani laureati<\/p>\n<p>Il fondo \u00e8 finalizzato ad incentivare l&#8217;assunzione di giovani laureati nelle aziende toscane per accrescere la qualit\u00e0 dell&#8217;occupazione e rafforzare la capacit\u00e0 di innovazione delle piccole imprese toscane, rafforzandone le capacit\u00e0 competitive e stimolando un rapporto pi\u00f9 ampio tra sistema produttivo e universit\u00e0. Anche in questo caso \u00e8 prevista l&#8217;erogazione di 4.000 euro per ciascuna assunzione a tempo indeterminato full time e 2.500 euro per le assunzioni a tempo indeterminato part time.<br \/>\nRisorse anno 2009 : 400.000 euro<\/p>\n<p>Fondi legge 236\/93 per la formazione continua<\/p>\n<p>Si prevede una riserva per le imprese per attivit\u00e0 di formazione in caso di crisi aziendale. Il bando sar\u00e0 rivolto ad aziende che a seguito di accordo sindacale procedono all&#8217;ampliamento dell&#8217;organico mediante l&#8217;assunzione di disoccupati, cassintegrati o lavoratori in mobilit\u00e0 aziende che a seguito di accordo sindacale procedono all&#8217;assunzione di lavoratori in cassa integrazione o mobilit\u00e0, provenienti da imprese in crisi. Si prevede un bando a sportello rivolto a medie e grandi imprese o piccole che, in conseguenza di ristrutturazione, divengano medie o grandi, per una formazione che coinvolga un numero uguale o superiore a 20 dipendenti.<br \/>\nRisorse anno 2009 : 1 milione e 500 mila<\/p>\n<p>Programma PARI (Programma d&#8217;azione per il reimpiego dei lavoratori svantaggiati)<\/p>\n<p>Il Programma, che coinvolge tutte le province della Toscana, \u00e8 gestito in collaborazione tra Regione Toscana e Italia Lavoro e si rivolge a soggetti appartenenti a fasce deboli: donne, over 50, giovani con carriere discontinue ed immigrati. La gestione del programma vede il coinvolgimento delle Parti Sociali, puntando al potenziamento del raccordo tra le strutture pubbliche operanti nel settore, ed in particolare tra il sistema dei Centri per l&#8217;impiego e l&#8217;INPS. PARI 2009 implementer\u00e0, in collaborazione con la Direzione regionale del lavoro e con INPS, il monitoraggio dei lavoratori percettori di ammortizzatori sociali e di altri sostegni al reddito, fornendo assistenza tecnica alla Regione Toscana.<br \/>\nRisorse anno 2009 : circa 3 milioni<\/p>\n<p>Interventi formativi finalizzati al reinserimento occupazionale<\/p>\n<p>Tali interventi verranno realizzati attraverso le risorse finanziare del POR Competitivit\u00e0 regionale occupazione 2007\/2013 del FSE e saranno destinati in misura prevalente a persone che hanno perduto l&#8217;occupazione, a soggetti in Cassa Integrazione Guadagni straordinaria e a individui in mobilit\u00e0. Tra la Regione Toscana e le Amministrazioni provinciali \u00e8 stato deciso di concentrare tali interventi in settori particolarmente sottoposti alla crisi e ritenuti strategici per la nostra economia (manifatturiero, in particolare il settore della componentistica-auto, camperistica,T.A.C; trasporti e logistica, ambiente ed energia, agricoltura e turismo).<\/p>\n<p>Risorse anno 2009 : circa 40 milioni.<\/p>\n","protected":false},"excerpt":{"rendered":"<p>L&#8217;assessorato regionale alla formazione e al lavoro nelle scorse settimane ha precisato il complesso delle misure poste in essere dalla Regione in favore dei lavoratori in questo particolare momento di crisi economica. Vengono elencate di seguito, facendo riferimento anche al relativo investimento finanziario. Secondo quanto dichiarato dall&#8217;Assessore Simoncini, la Regione ha gi\u00e0 stanziato 60 milioni [&hellip;]<\/p>\n","protected":false},"author":1,"featured_media":1258,"comment_status":"open","ping_status":"open","sticky":false,"template":"","format":"standard","meta":{"om_disable_all_campaigns":false,"_monsterinsights_skip_tracking":false,"_monsterinsights_sitenote_active":false,"_monsterinsights_sitenote_note":"","_monsterinsights_sitenote_category":0,"ocean_post_layout":"","ocean_both_sidebars_style":"","ocean_both_sidebars_content_width":0,"ocean_both_sidebars_sidebars_width":0,"ocean_sidebar":"","ocean_second_sidebar":"","ocean_disable_margins":"enable","ocean_add_body_class":"","ocean_shortcode_before_top_bar":"","ocean_shortcode_after_top_bar":"","ocean_shortcode_before_header":"","ocean_shortcode_after_header":"","ocean_has_shortcode":"","ocean_shortcode_after_title":"","ocean_shortcode_before_footer_widgets":"","ocean_shortcode_after_footer_widgets":"","ocean_shortcode_before_footer_bottom":"","ocean_shortcode_after_footer_bottom":"","ocean_display_top_bar":"default","ocean_display_header":"default","ocean_header_style":"","ocean_center_header_left_menu":"","ocean_custom_header_template":"","ocean_custom_logo":0,"ocean_custom_retina_logo":0,"ocean_custom_logo_max_width":0,"ocean_custom_logo_tablet_max_width":0,"ocean_custom_logo_mobile_max_width":0,"ocean_custom_logo_max_height":0,"ocean_custom_logo_tablet_max_height":0,"ocean_custom_logo_mobile_max_height":0,"ocean_header_custom_menu":"","ocean_menu_typo_font_family":"","ocean_menu_typo_font_subset":"","ocean_menu_typo_font_size":0,"ocean_menu_typo_font_size_tablet":0,"ocean_menu_typo_font_size_mobile":0,"ocean_menu_typo_font_size_unit":"px","ocean_menu_typo_font_weight":"","ocean_menu_typo_font_weight_tablet":"","ocean_menu_typo_font_weight_mobile":"","ocean_menu_typo_transform":"","ocean_menu_typo_transform_tablet":"","ocean_menu_typo_transform_mobile":"","ocean_menu_typo_line_height":0,"ocean_menu_typo_line_height_tablet":0,"ocean_menu_typo_line_height_mobile":0,"ocean_menu_typo_line_height_unit":"","ocean_menu_typo_spacing":0,"ocean_menu_typo_spacing_tablet":0,"ocean_menu_typo_spacing_mobile":0,"ocean_menu_typo_spacing_unit":"","ocean_menu_link_color":"","ocean_menu_link_color_hover":"","ocean_menu_link_color_active":"","ocean_menu_link_background":"","ocean_menu_link_hover_background":"","ocean_menu_link_active_background":"","ocean_menu_social_links_bg":"","ocean_menu_social_hover_links_bg":"","ocean_menu_social_links_color":"","ocean_menu_social_hover_links_color":"","ocean_disable_title":"default","ocean_disable_heading":"default","ocean_post_title":"","ocean_post_subheading":"","ocean_post_title_style":"","ocean_post_title_background_color":"","ocean_post_title_background":0,"ocean_post_title_bg_image_position":"","ocean_post_title_bg_image_attachment":"","ocean_post_title_bg_image_repeat":"","ocean_post_title_bg_image_size":"","ocean_post_title_height":0,"ocean_post_title_bg_overlay":0.5,"ocean_post_title_bg_overlay_color":"","ocean_disable_breadcrumbs":"default","ocean_breadcrumbs_color":"","ocean_breadcrumbs_separator_color":"","ocean_breadcrumbs_links_color":"","ocean_breadcrumbs_links_hover_color":"","ocean_display_footer_widgets":"default","ocean_display_footer_bottom":"default","ocean_custom_footer_template":"","ocean_post_oembed":"","ocean_post_self_hosted_media":"","ocean_post_video_embed":"","ocean_link_format":"","ocean_link_format_target":"self","ocean_quote_format":"","ocean_quote_format_link":"post","ocean_gallery_link_images":"on","ocean_gallery_id":[],"footnotes":""},"categories":[1],"tags":[105,36,89],"class_list":["post-1351","post","type-post","status-publish","format-standard","has-post-thumbnail","hentry","category-blog","tag-crisi","tag-economia","tag-presidentecommissioneeconomia","entry","has-media"],"aioseo_notices":[],"_links":{"self":[{"href":"https:\/\/vittoriobugli.it\/index.php?rest_route=\/wp\/v2\/posts\/1351","targetHints":{"allow":["GET"]}}],"collection":[{"href":"https:\/\/vittoriobugli.it\/index.php?rest_route=\/wp\/v2\/posts"}],"about":[{"href":"https:\/\/vittoriobugli.it\/index.php?rest_route=\/wp\/v2\/types\/post"}],"author":[{"embeddable":true,"href":"https:\/\/vittoriobugli.it\/index.php?rest_route=\/wp\/v2\/users\/1"}],"replies":[{"embeddable":true,"href":"https:\/\/vittoriobugli.it\/index.php?rest_route=%2Fwp%2Fv2%2Fcomments&post=1351"}],"version-history":[{"count":2,"href":"https:\/\/vittoriobugli.it\/index.php?rest_route=\/wp\/v2\/posts\/1351\/revisions"}],"predecessor-version":[{"id":1353,"href":"https:\/\/vittoriobugli.it\/index.php?rest_route=\/wp\/v2\/posts\/1351\/revisions\/1353"}],"wp:featuredmedia":[{"embeddable":true,"href":"https:\/\/vittoriobugli.it\/index.php?rest_route=\/wp\/v2\/media\/1258"}],"wp:attachment":[{"href":"https:\/\/vittoriobugli.it\/index.php?rest_route=%2Fwp%2Fv2%2Fmedia&parent=1351"}],"wp:term":[{"taxonomy":"category","embeddable":true,"href":"https:\/\/vittoriobugli.it\/index.php?rest_route=%2Fwp%2Fv2%2Fcategories&post=1351"},{"taxonomy":"post_tag","embeddable":true,"href":"https:\/\/vittoriobugli.it\/index.php?rest_route=%2Fwp%2Fv2%2Ftags&post=1351"}],"curies":[{"name":"wp","href":"https:\/\/api.w.org\/{rel}","templated":true}]}}