{"id":530,"date":"1996-06-28T20:07:00","date_gmt":"1996-06-28T18:07:00","guid":{"rendered":"https:\/\/vittoriobugli.it\/?p=530"},"modified":"2025-08-07T08:55:27","modified_gmt":"2025-08-07T06:55:27","slug":"intervento-in-occasione-dellintesa-sulle-politiche-a-favore-degli-anziani","status":"publish","type":"post","link":"https:\/\/vittoriobugli.it\/?p=530","title":{"rendered":"Intervento in occasione dell&#8217;intesa sulle politiche a favore degli anziani"},"content":{"rendered":"\n<p>Saluto con molto piacere tutti i presenti alla firma del 3\u00b0 Protocollo di intesa sulle politiche a favore della popolazione anziana.<br>E&#8217;, questa di oggi, una scadenza importante che viene dopo la verifica del lavoro fatto a seguito del contenuto dei precedenti protocolli di intesa e dopo vari mesi utilizzati per mettere a punto un documento che cerca di compiere un ulteriore salto di qualit\u00e0 nel senso da tutti noi auspicato della capacit\u00e0 di governo di una materia primaria come quella che incide sulla vita della popolazione anziana.<br>Il documento che oggi firmiamo non \u00e8 una formalit\u00e0.<br>Esso \u00e8 uno strumento importantissimo di governo, costituisce l&#8217;ossatura programmatica di una azione di governo che le nostre comunit\u00e0 locali dovranno svolgere nei prossimi anni rispetto &#8220;al vivere&#8221; della popolazione anziana.<br>Consentitemi un passaggio pi\u00f9 generale.<br>In questo ultimo anno i sindaci dei Comuni dell&#8217;empolese valdelsa hanno predisposto e approvato ( o hanno in corso di approvazione ) nei Consigli Comunali, una serie di atti con valenza di area che io ritengo fondamentali per lo sviluppo integrato delle nostre comunit\u00e0 locali. Quando abbiamo pensato ad essi abbiamo proprio pensato nello spirito di questo sviluppo integrato come unica strada possibile per un salto di qualit\u00e0 dell&#8217;ottimo livello di governo raggiunto in ogni singolo comune.<br>E allora abbiamo lavorato accanitamente, e stiamo lavorando ad altro ancora, per giungere al Protocollo di Intesa con la Provincia di Firenze e con la Regione Toscana per l&#8217;istituzione del Circondario Regionale dell&#8217;Empolese Valdelsa e per la realizzazione di una serie di punti programmatici per la realizzazione dei quali \u00e8 stato ottenuto l&#8217;impegno di Provincia e Regione, al Piano Programma dei Comitati di Area dei Distretti Industriali come strumento essenziale di riferimento di politica economica, al Piano Attuativo Locale come strumento di programmazione della sanit\u00e0 nella USL11, all&#8217;Accordo di programma sull&#8217;immigrazione per la realizzazione di una politica di governo di questa materia basata su strutture sovracomunali nuove e pi\u00f9 efficienti.<br>Oggi siamo a firmare questo protocollo di intesa.<br>Presto avremo altri documenti programmatici di questo tipo.<br>L&#8217;utopia \u00e8 quella di avere come riferimento per la redazione di questi documenti e per la realizzazione delle azioni, la persona non come genericamente intesa.<\/p>\n","protected":false},"excerpt":{"rendered":"<p>Saluto con molto piacere tutti i presenti alla firma del 3\u00b0 Protocollo di intesa sulle politiche a favore della popolazione anziana.E&#8217;, questa di oggi, una scadenza importante che viene dopo la verifica del lavoro fatto a seguito del contenuto dei precedenti protocolli di intesa e dopo vari mesi utilizzati per mettere a punto un documento [&hellip;]<\/p>\n","protected":false},"author":1,"featured_media":660,"comment_status":"open","ping_status":"open","sticky":false,"template":"","format":"standard","meta":{"om_disable_all_campaigns":false,"_monsterinsights_skip_tracking":false,"_monsterinsights_sitenote_active":false,"_monsterinsights_sitenote_note":"","_monsterinsights_sitenote_category":0,"ocean_post_layout":"","ocean_both_sidebars_style":"","ocean_both_sidebars_content_width":0,"ocean_both_sidebars_sidebars_width":0,"ocean_sidebar":"","ocean_second_sidebar":"","ocean_disable_margins":"enable","ocean_add_body_class":"","ocean_shortcode_before_top_bar":"","ocean_shortcode_after_top_bar":"","ocean_shortcode_before_header":"","ocean_shortcode_after_header":"","ocean_has_shortcode":"","ocean_shortcode_after_title":"","ocean_shortcode_before_footer_widgets":"","ocean_shortcode_after_footer_widgets":"","ocean_shortcode_before_footer_bottom":"","ocean_shortcode_after_footer_bottom":"","ocean_display_top_bar":"default","ocean_display_header":"default","ocean_header_style":"","ocean_center_header_left_menu":"","ocean_custom_header_template":"","ocean_custom_logo":0,"ocean_custom_retina_logo":0,"ocean_custom_logo_max_width":0,"ocean_custom_logo_tablet_max_width":0,"ocean_custom_logo_mobile_max_width":0,"ocean_custom_logo_max_height":0,"ocean_custom_logo_tablet_max_height":0,"ocean_custom_logo_mobile_max_height":0,"ocean_header_custom_menu":"","ocean_menu_typo_font_family":"","ocean_menu_typo_font_subset":"","ocean_menu_typo_font_size":0,"ocean_menu_typo_font_size_tablet":0,"ocean_menu_typo_font_size_mobile":0,"ocean_menu_typo_font_size_unit":"px","ocean_menu_typo_font_weight":"","ocean_menu_typo_font_weight_tablet":"","ocean_menu_typo_font_weight_mobile":"","ocean_menu_typo_transform":"","ocean_menu_typo_transform_tablet":"","ocean_menu_typo_transform_mobile":"","ocean_menu_typo_line_height":0,"ocean_menu_typo_line_height_tablet":0,"ocean_menu_typo_line_height_mobile":0,"ocean_menu_typo_line_height_unit":"","ocean_menu_typo_spacing":0,"ocean_menu_typo_spacing_tablet":0,"ocean_menu_typo_spacing_mobile":0,"ocean_menu_typo_spacing_unit":"","ocean_menu_link_color":"","ocean_menu_link_color_hover":"","ocean_menu_link_color_active":"","ocean_menu_link_background":"","ocean_menu_link_hover_background":"","ocean_menu_link_active_background":"","ocean_menu_social_links_bg":"","ocean_menu_social_hover_links_bg":"","ocean_menu_social_links_color":"","ocean_menu_social_hover_links_color":"","ocean_disable_title":"default","ocean_disable_heading":"default","ocean_post_title":"","ocean_post_subheading":"","ocean_post_title_style":"","ocean_post_title_background_color":"","ocean_post_title_background":0,"ocean_post_title_bg_image_position":"","ocean_post_title_bg_image_attachment":"","ocean_post_title_bg_image_repeat":"","ocean_post_title_bg_image_size":"","ocean_post_title_height":0,"ocean_post_title_bg_overlay":0.5,"ocean_post_title_bg_overlay_color":"","ocean_disable_breadcrumbs":"default","ocean_breadcrumbs_color":"","ocean_breadcrumbs_separator_color":"","ocean_breadcrumbs_links_color":"","ocean_breadcrumbs_links_hover_color":"","ocean_display_footer_widgets":"default","ocean_display_footer_bottom":"default","ocean_custom_footer_template":"","ocean_post_oembed":"","ocean_post_self_hosted_media":"","ocean_post_video_embed":"","ocean_link_format":"","ocean_link_format_target":"self","ocean_quote_format":"","ocean_quote_format_link":"post","ocean_gallery_link_images":"on","ocean_gallery_id":[],"footnotes":""},"categories":[1],"tags":[27,25,26],"class_list":["post-530","post","type-post","status-publish","format-standard","has-post-thumbnail","hentry","category-blog","tag-anziani","tag-sindaco","tag-sociale","entry","has-media"],"aioseo_notices":[],"_links":{"self":[{"href":"https:\/\/vittoriobugli.it\/index.php?rest_route=\/wp\/v2\/posts\/530","targetHints":{"allow":["GET"]}}],"collection":[{"href":"https:\/\/vittoriobugli.it\/index.php?rest_route=\/wp\/v2\/posts"}],"about":[{"href":"https:\/\/vittoriobugli.it\/index.php?rest_route=\/wp\/v2\/types\/post"}],"author":[{"embeddable":true,"href":"https:\/\/vittoriobugli.it\/index.php?rest_route=\/wp\/v2\/users\/1"}],"replies":[{"embeddable":true,"href":"https:\/\/vittoriobugli.it\/index.php?rest_route=%2Fwp%2Fv2%2Fcomments&post=530"}],"version-history":[{"count":2,"href":"https:\/\/vittoriobugli.it\/index.php?rest_route=\/wp\/v2\/posts\/530\/revisions"}],"predecessor-version":[{"id":537,"href":"https:\/\/vittoriobugli.it\/index.php?rest_route=\/wp\/v2\/posts\/530\/revisions\/537"}],"wp:featuredmedia":[{"embeddable":true,"href":"https:\/\/vittoriobugli.it\/index.php?rest_route=\/wp\/v2\/media\/660"}],"wp:attachment":[{"href":"https:\/\/vittoriobugli.it\/index.php?rest_route=%2Fwp%2Fv2%2Fmedia&parent=530"}],"wp:term":[{"taxonomy":"category","embeddable":true,"href":"https:\/\/vittoriobugli.it\/index.php?rest_route=%2Fwp%2Fv2%2Fcategories&post=530"},{"taxonomy":"post_tag","embeddable":true,"href":"https:\/\/vittoriobugli.it\/index.php?rest_route=%2Fwp%2Fv2%2Ftags&post=530"}],"curies":[{"name":"wp","href":"https:\/\/api.w.org\/{rel}","templated":true}]}}