{"id":572,"date":"2015-06-15T12:55:00","date_gmt":"2015-06-15T10:55:00","guid":{"rendered":"https:\/\/vittoriobugli.it\/?p=572"},"modified":"2025-08-05T13:06:05","modified_gmt":"2025-08-05T11:06:05","slug":"arno-da-vivere-e-rivivere","status":"publish","type":"post","link":"https:\/\/vittoriobugli.it\/?p=572","title":{"rendered":"Arno da vivere e rivivere"},"content":{"rendered":"\n<p>Un decennio fa, fondando l&#8217;Associazione per l&#8217;Arno, volevamo contribuire a costruire un nuovo modo di viverlo. In questi anni molto \u00e8 stato fatto, decine di milioni investiti per progettare, realizzare, completare numerosi progetti per la messa in sicurezza e la depurazione. Poi ci sono i 432 km della pista ciclabile lungo tutto il percorso, un&#8217;opera per la quale la Regione contribuisce con pi\u00f9 di 4 milioni, che non avr\u00e0 solo un valore ambientale e culturale, ma aiuter\u00e0 a trasformare gli argini dell\u2019Arno in un luogo vissuto e vivibile e a tenere in sicurezza i territori, allontanando la tentazione e il rischio di nuove cementificazioni.<br>Partecipando oggi ad Empoli ad un convegno dal titolo \u201cRivivere l&#8217;Arno\u201d, ho ribadito la convinzione che nei prossimi anni potremo fare un ulteriore salto di qualit\u00e0, utilizzando questi interventi e la realizzazione della pista ciclabile per trasformare le nostre intuizioni in realt\u00e0.&nbsp;Con il superamento delle province, la Regione si riprender\u00e0 le funzioni&nbsp;che fino ad oggi sono state suddivise su pi\u00f9 territori, con la possibilit\u00e0 di riunire le competenze in materia di ambiente, mobilit\u00e0, territorio sotto un&#8217;unica cabina di regia regionale.<br>Certo, non basteranno l&#8217;impegno e la buona volont\u00e0 della politica, servir\u00e0 anche l&#8217;attenzione da parte dei cittadini, che grazie a strumenti come i contratti di fiume e a quelli della partecipazione potranno dare un contributo decisivo alla realizzazione di questi progetti e alla loro sostenibilit\u00e0. Progetti che potranno contare anche sulle risorse che la tecnologia, a differenza di quanto avveniva in passato, ci mette a disposizione: l&#8217;Arno dovr\u00e0 essere anche un grande &#8220;fiume di dati&#8221;, e di dati aperti in particolare, da utilizzare sia per gli aspetti legati alla progettazione e conoscitivi, ma anche alla promozione turistica e culturale. Un aspetto, quest&#8217;ultimo, che pu\u00f2 contribuire a replicare il modello e l&#8217;esperienza della Francigena, sulla quale la Regione ha investito, nella legislatura che si \u00e8 appena conclusa, risorse e idee per farne un volano di attrazione turistica e culturale in grado di contribuire allo sviluppo economico di tutta la Toscana.<\/p>\n","protected":false},"excerpt":{"rendered":"<p>Un decennio fa, fondando l&#8217;Associazione per l&#8217;Arno, volevamo contribuire a costruire un nuovo modo di viverlo. In questi anni molto \u00e8 stato fatto, decine di milioni investiti per progettare, realizzare, completare numerosi progetti per la messa in sicurezza e la depurazione. Poi ci sono i 432 km della pista ciclabile lungo tutto il percorso, un&#8217;opera [&hellip;]<\/p>\n","protected":false},"author":1,"featured_media":573,"comment_status":"open","ping_status":"open","sticky":false,"template":"","format":"standard","meta":{"om_disable_all_campaigns":false,"_monsterinsights_skip_tracking":false,"_monsterinsights_sitenote_active":false,"_monsterinsights_sitenote_note":"","_monsterinsights_sitenote_category":0,"ocean_post_layout":"","ocean_both_sidebars_style":"","ocean_both_sidebars_content_width":0,"ocean_both_sidebars_sidebars_width":0,"ocean_sidebar":"","ocean_second_sidebar":"","ocean_disable_margins":"enable","ocean_add_body_class":"","ocean_shortcode_before_top_bar":"","ocean_shortcode_after_top_bar":"","ocean_shortcode_before_header":"","ocean_shortcode_after_header":"","ocean_has_shortcode":"","ocean_shortcode_after_title":"","ocean_shortcode_before_footer_widgets":"","ocean_shortcode_after_footer_widgets":"","ocean_shortcode_before_footer_bottom":"","ocean_shortcode_after_footer_bottom":"","ocean_display_top_bar":"default","ocean_display_header":"default","ocean_header_style":"","ocean_center_header_left_menu":"","ocean_custom_header_template":"","ocean_custom_logo":0,"ocean_custom_retina_logo":0,"ocean_custom_logo_max_width":0,"ocean_custom_logo_tablet_max_width":0,"ocean_custom_logo_mobile_max_width":0,"ocean_custom_logo_max_height":0,"ocean_custom_logo_tablet_max_height":0,"ocean_custom_logo_mobile_max_height":0,"ocean_header_custom_menu":"","ocean_menu_typo_font_family":"","ocean_menu_typo_font_subset":"","ocean_menu_typo_font_size":0,"ocean_menu_typo_font_size_tablet":0,"ocean_menu_typo_font_size_mobile":0,"ocean_menu_typo_font_size_unit":"px","ocean_menu_typo_font_weight":"","ocean_menu_typo_font_weight_tablet":"","ocean_menu_typo_font_weight_mobile":"","ocean_menu_typo_transform":"","ocean_menu_typo_transform_tablet":"","ocean_menu_typo_transform_mobile":"","ocean_menu_typo_line_height":0,"ocean_menu_typo_line_height_tablet":0,"ocean_menu_typo_line_height_mobile":0,"ocean_menu_typo_line_height_unit":"","ocean_menu_typo_spacing":0,"ocean_menu_typo_spacing_tablet":0,"ocean_menu_typo_spacing_mobile":0,"ocean_menu_typo_spacing_unit":"","ocean_menu_link_color":"","ocean_menu_link_color_hover":"","ocean_menu_link_color_active":"","ocean_menu_link_background":"","ocean_menu_link_hover_background":"","ocean_menu_link_active_background":"","ocean_menu_social_links_bg":"","ocean_menu_social_hover_links_bg":"","ocean_menu_social_links_color":"","ocean_menu_social_hover_links_color":"","ocean_disable_title":"default","ocean_disable_heading":"default","ocean_post_title":"","ocean_post_subheading":"","ocean_post_title_style":"","ocean_post_title_background_color":"","ocean_post_title_background":0,"ocean_post_title_bg_image_position":"","ocean_post_title_bg_image_attachment":"","ocean_post_title_bg_image_repeat":"","ocean_post_title_bg_image_size":"","ocean_post_title_height":0,"ocean_post_title_bg_overlay":0.5,"ocean_post_title_bg_overlay_color":"","ocean_disable_breadcrumbs":"default","ocean_breadcrumbs_color":"","ocean_breadcrumbs_separator_color":"","ocean_breadcrumbs_links_color":"","ocean_breadcrumbs_links_hover_color":"","ocean_display_footer_widgets":"default","ocean_display_footer_bottom":"default","ocean_custom_footer_template":"","ocean_post_oembed":"","ocean_post_self_hosted_media":"","ocean_post_video_embed":"","ocean_link_format":"","ocean_link_format_target":"self","ocean_quote_format":"","ocean_quote_format_link":"post","ocean_gallery_link_images":"on","ocean_gallery_id":[],"footnotes":""},"categories":[1],"tags":[24,28,30],"class_list":["post-572","post","type-post","status-publish","format-standard","has-post-thumbnail","hentry","category-blog","tag-ambiente","tag-arno","tag-assessore-regionale","entry","has-media"],"aioseo_notices":[],"_links":{"self":[{"href":"https:\/\/vittoriobugli.it\/index.php?rest_route=\/wp\/v2\/posts\/572","targetHints":{"allow":["GET"]}}],"collection":[{"href":"https:\/\/vittoriobugli.it\/index.php?rest_route=\/wp\/v2\/posts"}],"about":[{"href":"https:\/\/vittoriobugli.it\/index.php?rest_route=\/wp\/v2\/types\/post"}],"author":[{"embeddable":true,"href":"https:\/\/vittoriobugli.it\/index.php?rest_route=\/wp\/v2\/users\/1"}],"replies":[{"embeddable":true,"href":"https:\/\/vittoriobugli.it\/index.php?rest_route=%2Fwp%2Fv2%2Fcomments&post=572"}],"version-history":[{"count":1,"href":"https:\/\/vittoriobugli.it\/index.php?rest_route=\/wp\/v2\/posts\/572\/revisions"}],"predecessor-version":[{"id":574,"href":"https:\/\/vittoriobugli.it\/index.php?rest_route=\/wp\/v2\/posts\/572\/revisions\/574"}],"wp:featuredmedia":[{"embeddable":true,"href":"https:\/\/vittoriobugli.it\/index.php?rest_route=\/wp\/v2\/media\/573"}],"wp:attachment":[{"href":"https:\/\/vittoriobugli.it\/index.php?rest_route=%2Fwp%2Fv2%2Fmedia&parent=572"}],"wp:term":[{"taxonomy":"category","embeddable":true,"href":"https:\/\/vittoriobugli.it\/index.php?rest_route=%2Fwp%2Fv2%2Fcategories&post=572"},{"taxonomy":"post_tag","embeddable":true,"href":"https:\/\/vittoriobugli.it\/index.php?rest_route=%2Fwp%2Fv2%2Ftags&post=572"}],"curies":[{"name":"wp","href":"https:\/\/api.w.org\/{rel}","templated":true}]}}