{"id":579,"date":"2015-04-17T15:37:00","date_gmt":"2015-04-17T13:37:00","guid":{"rendered":"https:\/\/vittoriobugli.it\/?p=579"},"modified":"2025-08-05T15:40:53","modified_gmt":"2025-08-05T13:40:53","slug":"catasto-delle-reti-approvata-la-legge","status":"publish","type":"post","link":"https:\/\/vittoriobugli.it\/?p=579","title":{"rendered":"Catasto delle reti, approvata la legge"},"content":{"rendered":"\n<p>Il Consiglio regionale ha approvato oggi con una sostanziale unanimit\u00e0 (solo un voto contrario) la legge che va a costruire il cosiddetto \u201ccatasto telematico\u201d\u202c. E&#8217; uno strumento innovativo e decisivo per lo sviluppo tecnologico della nostra regione, che sta nel solco delle politiche a livello europeo e nazionale. Riteniamo infatti che la fibra ottica abbia pari dignit\u00e0 delle strade e delle autostrade e che debbano essere messi in campo tutti gli strumenti che ne facilitino l&#8217;ampliamento. Sapere quali sono i cavidotti che ospitano o sono in grado di ospitare la fibra \u00e8 la condizioni di base per pianificarne e favorirne l&#8217;ampliamento. Non \u00e8 possibile non avere questa informazione e poterne disporre in un database georeferenziato che la regione metter\u00e0 a disposizione e che potr\u00e0 essere utilizzato da tutti i soggetti pubblici e sar\u00e0 continuamente aggiornato.<br>E&#8217; un po&#8217; una \u201crivoluzione\u201d che andava iniziata e che consentir\u00e0 di costruire anche norme e regolamenti ad hoc: ad esempio, non \u00e8 possibile che quando si fanno nuove opere di urbanizzazione non si prevedano i cavidotti per la fibra. Nello stesso tempo occorre che su questa materia vi sia il massimo della semplificazione e questo strumento serve a favorirla. Un&#8217;infrastruttura digitale di qualit\u00e0 elevata \u00e8 elemento determinante per consentire l&#8217;accesso alla rete in condizioni di pari opportunit\u00e0 e senza discriminazioni da parte dei soggetti operanti sul territorio regionale e per lo sviluppo sociale ed economico della Toscana.<br>Grazie a questa legge si prevedono precisi obblighi informativi a carico dei soggetti pubblici e privati coinvolti (senza per\u00f2 gravare gli stessi di oneri aggiuntivi), con i titolari e i gestori di infrastrutture di rete tenuti a fornire le informazioni alla Regione Toscana, nel formato in loro possesso. Qualsiasi esso sia.<br>La Toscana, in linea con quanto definisce l&#8217;Unione Europea, si \u00e8 posta obiettivi ambiziosi per la banda larga e ultra-larga, e ha deciso di mettere a disposizione 100 milioni di risorse nei prossimi anni. Con questa legge avremo uno strumento per favorire tutto ci\u00f2 anche attraverso una corretta pianificazione e un efficace coordinamento sul territorio, promuovendo e accrescendo l&#8217;efficienza d&#8217;uso delle infrastrutture di rete esistenti e consentendo un dispiegamento pi\u00f9 efficiente delle nuove infrastrutture fisiche, in modo da abbattere i costi di installazione e ridurre l&#8217;impatto ambientale.<\/p>\n","protected":false},"excerpt":{"rendered":"<p>Il Consiglio regionale ha approvato oggi con una sostanziale unanimit\u00e0 (solo un voto contrario) la legge che va a costruire il cosiddetto \u201ccatasto telematico\u201d\u202c. E&#8217; uno strumento innovativo e decisivo per lo sviluppo tecnologico della nostra regione, che sta nel solco delle politiche a livello europeo e nazionale. Riteniamo infatti che la fibra ottica abbia [&hellip;]<\/p>\n","protected":false},"author":1,"featured_media":580,"comment_status":"open","ping_status":"open","sticky":false,"template":"","format":"standard","meta":{"om_disable_all_campaigns":false,"_monsterinsights_skip_tracking":false,"_monsterinsights_sitenote_active":false,"_monsterinsights_sitenote_note":"","_monsterinsights_sitenote_category":0,"ocean_post_layout":"","ocean_both_sidebars_style":"","ocean_both_sidebars_content_width":0,"ocean_both_sidebars_sidebars_width":0,"ocean_sidebar":"","ocean_second_sidebar":"","ocean_disable_margins":"enable","ocean_add_body_class":"","ocean_shortcode_before_top_bar":"","ocean_shortcode_after_top_bar":"","ocean_shortcode_before_header":"","ocean_shortcode_after_header":"","ocean_has_shortcode":"","ocean_shortcode_after_title":"","ocean_shortcode_before_footer_widgets":"","ocean_shortcode_after_footer_widgets":"","ocean_shortcode_before_footer_bottom":"","ocean_shortcode_after_footer_bottom":"","ocean_display_top_bar":"default","ocean_display_header":"default","ocean_header_style":"","ocean_center_header_left_menu":"","ocean_custom_header_template":"","ocean_custom_logo":0,"ocean_custom_retina_logo":0,"ocean_custom_logo_max_width":0,"ocean_custom_logo_tablet_max_width":0,"ocean_custom_logo_mobile_max_width":0,"ocean_custom_logo_max_height":0,"ocean_custom_logo_tablet_max_height":0,"ocean_custom_logo_mobile_max_height":0,"ocean_header_custom_menu":"","ocean_menu_typo_font_family":"","ocean_menu_typo_font_subset":"","ocean_menu_typo_font_size":0,"ocean_menu_typo_font_size_tablet":0,"ocean_menu_typo_font_size_mobile":0,"ocean_menu_typo_font_size_unit":"px","ocean_menu_typo_font_weight":"","ocean_menu_typo_font_weight_tablet":"","ocean_menu_typo_font_weight_mobile":"","ocean_menu_typo_transform":"","ocean_menu_typo_transform_tablet":"","ocean_menu_typo_transform_mobile":"","ocean_menu_typo_line_height":0,"ocean_menu_typo_line_height_tablet":0,"ocean_menu_typo_line_height_mobile":0,"ocean_menu_typo_line_height_unit":"","ocean_menu_typo_spacing":0,"ocean_menu_typo_spacing_tablet":0,"ocean_menu_typo_spacing_mobile":0,"ocean_menu_typo_spacing_unit":"","ocean_menu_link_color":"","ocean_menu_link_color_hover":"","ocean_menu_link_color_active":"","ocean_menu_link_background":"","ocean_menu_link_hover_background":"","ocean_menu_link_active_background":"","ocean_menu_social_links_bg":"","ocean_menu_social_hover_links_bg":"","ocean_menu_social_links_color":"","ocean_menu_social_hover_links_color":"","ocean_disable_title":"default","ocean_disable_heading":"default","ocean_post_title":"","ocean_post_subheading":"","ocean_post_title_style":"","ocean_post_title_background_color":"","ocean_post_title_background":0,"ocean_post_title_bg_image_position":"","ocean_post_title_bg_image_attachment":"","ocean_post_title_bg_image_repeat":"","ocean_post_title_bg_image_size":"","ocean_post_title_height":0,"ocean_post_title_bg_overlay":0.5,"ocean_post_title_bg_overlay_color":"","ocean_disable_breadcrumbs":"default","ocean_breadcrumbs_color":"","ocean_breadcrumbs_separator_color":"","ocean_breadcrumbs_links_color":"","ocean_breadcrumbs_links_hover_color":"","ocean_display_footer_widgets":"default","ocean_display_footer_bottom":"default","ocean_custom_footer_template":"","ocean_post_oembed":"","ocean_post_self_hosted_media":"","ocean_post_video_embed":"","ocean_link_format":"","ocean_link_format_target":"self","ocean_quote_format":"","ocean_quote_format_link":"post","ocean_gallery_link_images":"on","ocean_gallery_id":[],"footnotes":""},"categories":[1],"tags":[30,34],"class_list":["post-579","post","type-post","status-publish","format-standard","has-post-thumbnail","hentry","category-blog","tag-assessore-regionale","tag-digitale","entry","has-media"],"aioseo_notices":[],"_links":{"self":[{"href":"https:\/\/vittoriobugli.it\/index.php?rest_route=\/wp\/v2\/posts\/579","targetHints":{"allow":["GET"]}}],"collection":[{"href":"https:\/\/vittoriobugli.it\/index.php?rest_route=\/wp\/v2\/posts"}],"about":[{"href":"https:\/\/vittoriobugli.it\/index.php?rest_route=\/wp\/v2\/types\/post"}],"author":[{"embeddable":true,"href":"https:\/\/vittoriobugli.it\/index.php?rest_route=\/wp\/v2\/users\/1"}],"replies":[{"embeddable":true,"href":"https:\/\/vittoriobugli.it\/index.php?rest_route=%2Fwp%2Fv2%2Fcomments&post=579"}],"version-history":[{"count":1,"href":"https:\/\/vittoriobugli.it\/index.php?rest_route=\/wp\/v2\/posts\/579\/revisions"}],"predecessor-version":[{"id":581,"href":"https:\/\/vittoriobugli.it\/index.php?rest_route=\/wp\/v2\/posts\/579\/revisions\/581"}],"wp:featuredmedia":[{"embeddable":true,"href":"https:\/\/vittoriobugli.it\/index.php?rest_route=\/wp\/v2\/media\/580"}],"wp:attachment":[{"href":"https:\/\/vittoriobugli.it\/index.php?rest_route=%2Fwp%2Fv2%2Fmedia&parent=579"}],"wp:term":[{"taxonomy":"category","embeddable":true,"href":"https:\/\/vittoriobugli.it\/index.php?rest_route=%2Fwp%2Fv2%2Fcategories&post=579"},{"taxonomy":"post_tag","embeddable":true,"href":"https:\/\/vittoriobugli.it\/index.php?rest_route=%2Fwp%2Fv2%2Ftags&post=579"}],"curies":[{"name":"wp","href":"https:\/\/api.w.org\/{rel}","templated":true}]}}