{"id":619,"date":"2015-03-30T11:41:00","date_gmt":"2015-03-30T09:41:00","guid":{"rendered":"https:\/\/vittoriobugli.it\/?p=619"},"modified":"2025-08-06T11:52:45","modified_gmt":"2025-08-06T09:52:45","slug":"co2-stop-alle-estrazioni","status":"publish","type":"post","link":"https:\/\/vittoriobugli.it\/?p=619","title":{"rendered":"CO2, stop alle estrazioni"},"content":{"rendered":"\n<p>Ieri assemblea pubblica organizzata dal Comitato Valdelsa contro la CO2 a Certaldo. Ho ribadito che la Regione non rilascer\u00e0 concessioni alle aziende che intendono coltivare nuovi campi per l\u2019estrazione dal suolo di anidride carbonica. Per il caso specifico di Certaldo, a gennaio 2015 abbiamo approvato una delibera che informava il richiedente circa l\u2019intenzione di esprimere pronuncia negativa sulla VIA per l\u2019estrazione di CO2 a Certaldo e lo scorso luned\u00ec, il 16 marzo, abbiamo approvato la delibera definitiva di pronuncia negativa alla compatibilit\u00e0 ambientale, dopo avere esaminato le osservazioni ricevute dal richiedente. Inoltre, il Consiglio sta esaminando una proposta di legge della Giunta Regionale nella quale si vieta il rilascio di nuovi permessi di ricerca e di nuove concessioni con estrazione di gas dal sottosuolo. La proposta di legge \u00e8 gi\u00e0 stata votata a maggioranza in commissione gioved\u00ec 19 scorso ed \u00e8 iscritta all\u2019ordine del giorno del prossimo Consiglio Regionale di marted\u00ec e mercoled\u00ec prossimi. Fine del discorso, gli atti sono chiari.<br>Aggiornamento del 24 marzo: come annunciato all&#8217;assemblea di Certaldo, <a href=\"http:\/\/www.consiglio.regione.toscana.it\/ufficio-stampa\/comunicati\/comunicati_view.aspx?idc=&amp;id=20883\">il Consiglio Regionale ha approvato oggi la legge che vieta nuove concessioni di estrazione dal suolo della CO2<\/a><\/p>\n","protected":false},"excerpt":{"rendered":"<p>Ieri assemblea pubblica organizzata dal Comitato Valdelsa contro la CO2 a Certaldo. Ho ribadito che la Regione non rilascer\u00e0 concessioni alle aziende che intendono coltivare nuovi campi per l\u2019estrazione dal suolo di anidride carbonica. Per il caso specifico di Certaldo, a gennaio 2015 abbiamo approvato una delibera che informava il richiedente circa l\u2019intenzione di esprimere [&hellip;]<\/p>\n","protected":false},"author":1,"featured_media":620,"comment_status":"open","ping_status":"open","sticky":false,"template":"","format":"standard","meta":{"om_disable_all_campaigns":false,"_monsterinsights_skip_tracking":false,"_monsterinsights_sitenote_active":false,"_monsterinsights_sitenote_note":"","_monsterinsights_sitenote_category":0,"ocean_post_layout":"","ocean_both_sidebars_style":"","ocean_both_sidebars_content_width":0,"ocean_both_sidebars_sidebars_width":0,"ocean_sidebar":"","ocean_second_sidebar":"","ocean_disable_margins":"enable","ocean_add_body_class":"","ocean_shortcode_before_top_bar":"","ocean_shortcode_after_top_bar":"","ocean_shortcode_before_header":"","ocean_shortcode_after_header":"","ocean_has_shortcode":"","ocean_shortcode_after_title":"","ocean_shortcode_before_footer_widgets":"","ocean_shortcode_after_footer_widgets":"","ocean_shortcode_before_footer_bottom":"","ocean_shortcode_after_footer_bottom":"","ocean_display_top_bar":"default","ocean_display_header":"default","ocean_header_style":"","ocean_center_header_left_menu":"","ocean_custom_header_template":"","ocean_custom_logo":0,"ocean_custom_retina_logo":0,"ocean_custom_logo_max_width":0,"ocean_custom_logo_tablet_max_width":0,"ocean_custom_logo_mobile_max_width":0,"ocean_custom_logo_max_height":0,"ocean_custom_logo_tablet_max_height":0,"ocean_custom_logo_mobile_max_height":0,"ocean_header_custom_menu":"","ocean_menu_typo_font_family":"","ocean_menu_typo_font_subset":"","ocean_menu_typo_font_size":0,"ocean_menu_typo_font_size_tablet":0,"ocean_menu_typo_font_size_mobile":0,"ocean_menu_typo_font_size_unit":"px","ocean_menu_typo_font_weight":"","ocean_menu_typo_font_weight_tablet":"","ocean_menu_typo_font_weight_mobile":"","ocean_menu_typo_transform":"","ocean_menu_typo_transform_tablet":"","ocean_menu_typo_transform_mobile":"","ocean_menu_typo_line_height":0,"ocean_menu_typo_line_height_tablet":0,"ocean_menu_typo_line_height_mobile":0,"ocean_menu_typo_line_height_unit":"","ocean_menu_typo_spacing":0,"ocean_menu_typo_spacing_tablet":0,"ocean_menu_typo_spacing_mobile":0,"ocean_menu_typo_spacing_unit":"","ocean_menu_link_color":"","ocean_menu_link_color_hover":"","ocean_menu_link_color_active":"","ocean_menu_link_background":"","ocean_menu_link_hover_background":"","ocean_menu_link_active_background":"","ocean_menu_social_links_bg":"","ocean_menu_social_hover_links_bg":"","ocean_menu_social_links_color":"","ocean_menu_social_hover_links_color":"","ocean_disable_title":"default","ocean_disable_heading":"default","ocean_post_title":"","ocean_post_subheading":"","ocean_post_title_style":"","ocean_post_title_background_color":"","ocean_post_title_background":0,"ocean_post_title_bg_image_position":"","ocean_post_title_bg_image_attachment":"","ocean_post_title_bg_image_repeat":"","ocean_post_title_bg_image_size":"","ocean_post_title_height":0,"ocean_post_title_bg_overlay":0.5,"ocean_post_title_bg_overlay_color":"","ocean_disable_breadcrumbs":"default","ocean_breadcrumbs_color":"","ocean_breadcrumbs_separator_color":"","ocean_breadcrumbs_links_color":"","ocean_breadcrumbs_links_hover_color":"","ocean_display_footer_widgets":"default","ocean_display_footer_bottom":"default","ocean_custom_footer_template":"","ocean_post_oembed":"","ocean_post_self_hosted_media":"","ocean_post_video_embed":"","ocean_link_format":"","ocean_link_format_target":"self","ocean_quote_format":"","ocean_quote_format_link":"post","ocean_gallery_link_images":"on","ocean_gallery_id":[],"footnotes":""},"categories":[1],"tags":[24,30,44],"class_list":["post-619","post","type-post","status-publish","format-standard","has-post-thumbnail","hentry","category-blog","tag-ambiente","tag-assessore-regionale","tag-empolesevaldelsa","entry","has-media"],"aioseo_notices":[],"_links":{"self":[{"href":"https:\/\/vittoriobugli.it\/index.php?rest_route=\/wp\/v2\/posts\/619","targetHints":{"allow":["GET"]}}],"collection":[{"href":"https:\/\/vittoriobugli.it\/index.php?rest_route=\/wp\/v2\/posts"}],"about":[{"href":"https:\/\/vittoriobugli.it\/index.php?rest_route=\/wp\/v2\/types\/post"}],"author":[{"embeddable":true,"href":"https:\/\/vittoriobugli.it\/index.php?rest_route=\/wp\/v2\/users\/1"}],"replies":[{"embeddable":true,"href":"https:\/\/vittoriobugli.it\/index.php?rest_route=%2Fwp%2Fv2%2Fcomments&post=619"}],"version-history":[{"count":1,"href":"https:\/\/vittoriobugli.it\/index.php?rest_route=\/wp\/v2\/posts\/619\/revisions"}],"predecessor-version":[{"id":621,"href":"https:\/\/vittoriobugli.it\/index.php?rest_route=\/wp\/v2\/posts\/619\/revisions\/621"}],"wp:featuredmedia":[{"embeddable":true,"href":"https:\/\/vittoriobugli.it\/index.php?rest_route=\/wp\/v2\/media\/620"}],"wp:attachment":[{"href":"https:\/\/vittoriobugli.it\/index.php?rest_route=%2Fwp%2Fv2%2Fmedia&parent=619"}],"wp:term":[{"taxonomy":"category","embeddable":true,"href":"https:\/\/vittoriobugli.it\/index.php?rest_route=%2Fwp%2Fv2%2Fcategories&post=619"},{"taxonomy":"post_tag","embeddable":true,"href":"https:\/\/vittoriobugli.it\/index.php?rest_route=%2Fwp%2Fv2%2Ftags&post=619"}],"curies":[{"name":"wp","href":"https:\/\/api.w.org\/{rel}","templated":true}]}}