{"id":643,"date":"2015-03-03T14:51:00","date_gmt":"2015-03-03T13:51:00","guid":{"rendered":"https:\/\/vittoriobugli.it\/?p=643"},"modified":"2025-08-06T15:03:23","modified_gmt":"2025-08-06T13:03:23","slug":"housing-sociale-risposta-importante-per-il-futuro-di-tanti-giovani-e-non-solo","status":"publish","type":"post","link":"https:\/\/vittoriobugli.it\/?p=643","title":{"rendered":"Housing sociale risposta importante per il futuro di tanti giovani (e non solo)"},"content":{"rendered":"\n<p>Un convegno molto partecipato quello di stamani a Palazzo Strozzi Sacrati sul tema dell&#8217;housing sociale in Toscana, durante il quale abbiamo annunciato l&#8217;adesione della Regione, con 5 milioni, al Fondo Housing Toscano, scelto con evidenza pubblica e del quale fa parte anche Cassa Depositi e Prestiti.<br>La casa \u00e8 un bene primario, ma per tante persone rimane un sogno. Esiste infatti nella nostra societ\u00e0 una \u201czona grigia\u201d, sempre pi\u00f9 vasta purtroppo, di cui fanno parte coloro che non possiedono gli standard per avere diritto a una casa popolare ma non hanno neppure una sicurezza lavorativa e conseguenti risorse per un affitto, o tantomeno per accendere un mutuo. \u00c8 per queste persone che l&#8217;housing sociale pu\u00f2 essere una risposta sulla quale costruirsi un futuro.<br>Il Fondo servir\u00e0 a realizzare alloggi sociali sul territorio toscano, privilegiando l&#8217;acquisto di immobili invenduti e il recupero di aree dismesse e dando cos\u00ec anche un contributo alla ripresa del settore dell&#8217;edilizia. Per questo abbiamo chiesto agli investitori istituzionali, ad iniziare dalle Fondazioni Bancarie, di aderire al Fondo e di consentire investimenti in tutte le zone della Toscana. Investimenti che, oltre ad avere un significato sociale, non faranno altro che valorizzare il patrimonio dei nostri territori.<\/p>\n","protected":false},"excerpt":{"rendered":"<p>Un convegno molto partecipato quello di stamani a Palazzo Strozzi Sacrati sul tema dell&#8217;housing sociale in Toscana, durante il quale abbiamo annunciato l&#8217;adesione della Regione, con 5 milioni, al Fondo Housing Toscano, scelto con evidenza pubblica e del quale fa parte anche Cassa Depositi e Prestiti.La casa \u00e8 un bene primario, ma per tante persone [&hellip;]<\/p>\n","protected":false},"author":1,"featured_media":644,"comment_status":"open","ping_status":"open","sticky":false,"template":"","format":"standard","meta":{"om_disable_all_campaigns":false,"_monsterinsights_skip_tracking":false,"_monsterinsights_sitenote_active":false,"_monsterinsights_sitenote_note":"","_monsterinsights_sitenote_category":0,"ocean_post_layout":"","ocean_both_sidebars_style":"","ocean_both_sidebars_content_width":0,"ocean_both_sidebars_sidebars_width":0,"ocean_sidebar":"","ocean_second_sidebar":"","ocean_disable_margins":"enable","ocean_add_body_class":"","ocean_shortcode_before_top_bar":"","ocean_shortcode_after_top_bar":"","ocean_shortcode_before_header":"","ocean_shortcode_after_header":"","ocean_has_shortcode":"","ocean_shortcode_after_title":"","ocean_shortcode_before_footer_widgets":"","ocean_shortcode_after_footer_widgets":"","ocean_shortcode_before_footer_bottom":"","ocean_shortcode_after_footer_bottom":"","ocean_display_top_bar":"default","ocean_display_header":"default","ocean_header_style":"","ocean_center_header_left_menu":"","ocean_custom_header_template":"","ocean_custom_logo":0,"ocean_custom_retina_logo":0,"ocean_custom_logo_max_width":0,"ocean_custom_logo_tablet_max_width":0,"ocean_custom_logo_mobile_max_width":0,"ocean_custom_logo_max_height":0,"ocean_custom_logo_tablet_max_height":0,"ocean_custom_logo_mobile_max_height":0,"ocean_header_custom_menu":"","ocean_menu_typo_font_family":"","ocean_menu_typo_font_subset":"","ocean_menu_typo_font_size":0,"ocean_menu_typo_font_size_tablet":0,"ocean_menu_typo_font_size_mobile":0,"ocean_menu_typo_font_size_unit":"px","ocean_menu_typo_font_weight":"","ocean_menu_typo_font_weight_tablet":"","ocean_menu_typo_font_weight_mobile":"","ocean_menu_typo_transform":"","ocean_menu_typo_transform_tablet":"","ocean_menu_typo_transform_mobile":"","ocean_menu_typo_line_height":0,"ocean_menu_typo_line_height_tablet":0,"ocean_menu_typo_line_height_mobile":0,"ocean_menu_typo_line_height_unit":"","ocean_menu_typo_spacing":0,"ocean_menu_typo_spacing_tablet":0,"ocean_menu_typo_spacing_mobile":0,"ocean_menu_typo_spacing_unit":"","ocean_menu_link_color":"","ocean_menu_link_color_hover":"","ocean_menu_link_color_active":"","ocean_menu_link_background":"","ocean_menu_link_hover_background":"","ocean_menu_link_active_background":"","ocean_menu_social_links_bg":"","ocean_menu_social_hover_links_bg":"","ocean_menu_social_links_color":"","ocean_menu_social_hover_links_color":"","ocean_disable_title":"default","ocean_disable_heading":"default","ocean_post_title":"","ocean_post_subheading":"","ocean_post_title_style":"","ocean_post_title_background_color":"","ocean_post_title_background":0,"ocean_post_title_bg_image_position":"","ocean_post_title_bg_image_attachment":"","ocean_post_title_bg_image_repeat":"","ocean_post_title_bg_image_size":"","ocean_post_title_height":0,"ocean_post_title_bg_overlay":0.5,"ocean_post_title_bg_overlay_color":"","ocean_disable_breadcrumbs":"default","ocean_breadcrumbs_color":"","ocean_breadcrumbs_separator_color":"","ocean_breadcrumbs_links_color":"","ocean_breadcrumbs_links_hover_color":"","ocean_display_footer_widgets":"default","ocean_display_footer_bottom":"default","ocean_custom_footer_template":"","ocean_post_oembed":"","ocean_post_self_hosted_media":"","ocean_post_video_embed":"","ocean_link_format":"","ocean_link_format_target":"self","ocean_quote_format":"","ocean_quote_format_link":"post","ocean_gallery_link_images":"on","ocean_gallery_id":[],"footnotes":""},"categories":[1],"tags":[30,32,36,26],"class_list":["post-643","post","type-post","status-publish","format-standard","has-post-thumbnail","hentry","category-blog","tag-assessore-regionale","tag-casa","tag-economia","tag-sociale","entry","has-media"],"aioseo_notices":[],"_links":{"self":[{"href":"https:\/\/vittoriobugli.it\/index.php?rest_route=\/wp\/v2\/posts\/643","targetHints":{"allow":["GET"]}}],"collection":[{"href":"https:\/\/vittoriobugli.it\/index.php?rest_route=\/wp\/v2\/posts"}],"about":[{"href":"https:\/\/vittoriobugli.it\/index.php?rest_route=\/wp\/v2\/types\/post"}],"author":[{"embeddable":true,"href":"https:\/\/vittoriobugli.it\/index.php?rest_route=\/wp\/v2\/users\/1"}],"replies":[{"embeddable":true,"href":"https:\/\/vittoriobugli.it\/index.php?rest_route=%2Fwp%2Fv2%2Fcomments&post=643"}],"version-history":[{"count":1,"href":"https:\/\/vittoriobugli.it\/index.php?rest_route=\/wp\/v2\/posts\/643\/revisions"}],"predecessor-version":[{"id":645,"href":"https:\/\/vittoriobugli.it\/index.php?rest_route=\/wp\/v2\/posts\/643\/revisions\/645"}],"wp:featuredmedia":[{"embeddable":true,"href":"https:\/\/vittoriobugli.it\/index.php?rest_route=\/wp\/v2\/media\/644"}],"wp:attachment":[{"href":"https:\/\/vittoriobugli.it\/index.php?rest_route=%2Fwp%2Fv2%2Fmedia&parent=643"}],"wp:term":[{"taxonomy":"category","embeddable":true,"href":"https:\/\/vittoriobugli.it\/index.php?rest_route=%2Fwp%2Fv2%2Fcategories&post=643"},{"taxonomy":"post_tag","embeddable":true,"href":"https:\/\/vittoriobugli.it\/index.php?rest_route=%2Fwp%2Fv2%2Ftags&post=643"}],"curies":[{"name":"wp","href":"https:\/\/api.w.org\/{rel}","templated":true}]}}