{"id":674,"date":"2015-01-17T15:53:00","date_gmt":"2015-01-17T14:53:00","guid":{"rendered":"https:\/\/vittoriobugli.it\/?p=674"},"modified":"2025-08-07T16:02:38","modified_gmt":"2025-08-07T14:02:38","slug":"giustizia-digitale-e-semplificazione-la-toscana-fa-davvero-sistema-e-rilancia","status":"publish","type":"post","link":"https:\/\/vittoriobugli.it\/?p=674","title":{"rendered":"Giustizia digitale e semplificazione, la Toscana fa (davvero) sistema. E rilancia."},"content":{"rendered":"<p>Nella nostra regione si sente spesso parlare di \u201cfare sistema\u201d. Un&#8217;espressione che in tanti usano ma in pochi riescono a realizzare veramente. Vale un po&#8217; per tutti i campi. Quando per\u00f2 si parla di giustizia digitale e di semplificazione, possiamo dire che in Toscana ci siamo riusciti davvero. Non ci piace dircelo da soli, di certo \u00e8 un bel risultato quando ci viene riconosciuto dai professionisti che quotidianamente operano nel settore, come \u00e8 accaduto ieri a Lucca nel corso di un affollato convegno sul futuro della giustizia digitale.<br \/>\n\u00c8 il punto di partenza, che ci spinge a confermare la nostra disponibilit\u00e0 a implementare ancora i servizi destinati alle professioni e soprattutto ai cittadini. Una logica di collaborazione tra istituzioni che tanto bene ha funzionato fino ad oggi, sebbene non rientri nelle competenze della Regione, e che credo debba continuare e rafforzarsi. Per quanto ci riguarda, come ho confermato alla platea dei professionisti riuniti al cinema Moderno, investiremo ancora, mettendo a disposizione risorse tecnologiche e risorse umane in modo da migliorare l&#8217;efficienza e la sicurezza di questo sistema di servizi che dovr\u00e0 essere sempre pi\u00f9 orientato anche al cittadino oltre che essere sempre pi\u00f9 utile per gli operatori.<br \/>\nSempre pi\u00f9 importante il ruolo che potr\u00e0 avere <a href=\"http:\/\/open.toscana.it\/\" target=\"_blank\" rel=\"noopener\">Open Toscana <\/a> , che gi\u00e0 oggi costituisce il punto di accesso, con Cns, per avvocati e consulenti tecnici ai servizi della cancelleria telematica e del processo digitale, con la possibilit\u00e0 di depositare atti a valore legale, consultare il fascicolo elettronico, visualizzare le scadenze in agenda e ricevere comunicazioni a valore legale dalle cancellerie degli uffici giudiziari. Dobbiamo abituare sempre di pi\u00f9 le persone a utilizzare questo strumento che \u00e8 nato come un luogo in cui i cittadini possano trovarvi tutto quello che esiste e soprattutto tutto quello che funziona e che pu\u00f2 semplificare la loro vita, ancor pi\u00f9 quando si tratta di pratiche che di per s\u00e9 possono essere gi\u00e0 pesanti, come i pagamenti o appunto le lunghe code per consegnare o consultare fascicoli e documenti.\u00a0Mentre per accedere al proprio Fascicolo Civile i cittadino possono farlo anche da Open Toscana, senza la carta si pu\u00f2 accedere alla <a href=\"https:\/\/www.giustizia.toscana.it\">pagina<\/a> , una piattaforma di servizi che fornisce informazioni, riferimenti, modulistica e servizi on-line in forma chiara, semplice e strutturata, anche per coloro che non conoscono terminologie e temi giuridici.<br \/>\nUn sistema completo e strutturato, al quale contribuiamo anche in termini di formazione ai professionisti del mondo della giustizia per utilizzare al meglio i servizi legati alla cancelleria telematica, con il progetto &#8220;FormarS\u00ec&#8221; realizzato in collaborazione con gli Ordini degli Avvocati della Toscana dei Tribunali e dalla Corte di Appello di Firenze.<br \/>\nIl \u201cmodello Toscana\u201d, insomma, ha raggiunto un alto livello di qualit\u00e0 e su questa base ho dato la mia disponibilit\u00e0, anche con una iniziativa ufficiale da portare avanti assieme con gli ordini professionali del mondo della giustizia, a farlo conoscere e metterlo a disposizione di tutti a livello nazionale. E proprio a questo scopo richieder\u00f2 un incontro al Ministro Orlando.<\/p>\n","protected":false},"excerpt":{"rendered":"<p>Nella nostra regione si sente spesso parlare di \u201cfare sistema\u201d. Un&#8217;espressione che in tanti usano ma in pochi riescono a realizzare veramente. Vale un po&#8217; per tutti i campi. Quando per\u00f2 si parla di giustizia digitale e di semplificazione, possiamo dire che in Toscana ci siamo riusciti davvero. Non ci piace dircelo da soli, di [&hellip;]<\/p>\n","protected":false},"author":1,"featured_media":677,"comment_status":"open","ping_status":"open","sticky":false,"template":"","format":"standard","meta":{"om_disable_all_campaigns":false,"_monsterinsights_skip_tracking":false,"_monsterinsights_sitenote_active":false,"_monsterinsights_sitenote_note":"","_monsterinsights_sitenote_category":0,"ocean_post_layout":"","ocean_both_sidebars_style":"","ocean_both_sidebars_content_width":0,"ocean_both_sidebars_sidebars_width":0,"ocean_sidebar":"","ocean_second_sidebar":"","ocean_disable_margins":"enable","ocean_add_body_class":"","ocean_shortcode_before_top_bar":"","ocean_shortcode_after_top_bar":"","ocean_shortcode_before_header":"","ocean_shortcode_after_header":"","ocean_has_shortcode":"","ocean_shortcode_after_title":"","ocean_shortcode_before_footer_widgets":"","ocean_shortcode_after_footer_widgets":"","ocean_shortcode_before_footer_bottom":"","ocean_shortcode_after_footer_bottom":"","ocean_display_top_bar":"default","ocean_display_header":"default","ocean_header_style":"","ocean_center_header_left_menu":"","ocean_custom_header_template":"","ocean_custom_logo":0,"ocean_custom_retina_logo":0,"ocean_custom_logo_max_width":0,"ocean_custom_logo_tablet_max_width":0,"ocean_custom_logo_mobile_max_width":0,"ocean_custom_logo_max_height":0,"ocean_custom_logo_tablet_max_height":0,"ocean_custom_logo_mobile_max_height":0,"ocean_header_custom_menu":"","ocean_menu_typo_font_family":"","ocean_menu_typo_font_subset":"","ocean_menu_typo_font_size":0,"ocean_menu_typo_font_size_tablet":0,"ocean_menu_typo_font_size_mobile":0,"ocean_menu_typo_font_size_unit":"px","ocean_menu_typo_font_weight":"","ocean_menu_typo_font_weight_tablet":"","ocean_menu_typo_font_weight_mobile":"","ocean_menu_typo_transform":"","ocean_menu_typo_transform_tablet":"","ocean_menu_typo_transform_mobile":"","ocean_menu_typo_line_height":0,"ocean_menu_typo_line_height_tablet":0,"ocean_menu_typo_line_height_mobile":0,"ocean_menu_typo_line_height_unit":"","ocean_menu_typo_spacing":0,"ocean_menu_typo_spacing_tablet":0,"ocean_menu_typo_spacing_mobile":0,"ocean_menu_typo_spacing_unit":"","ocean_menu_link_color":"","ocean_menu_link_color_hover":"","ocean_menu_link_color_active":"","ocean_menu_link_background":"","ocean_menu_link_hover_background":"","ocean_menu_link_active_background":"","ocean_menu_social_links_bg":"","ocean_menu_social_hover_links_bg":"","ocean_menu_social_links_color":"","ocean_menu_social_hover_links_color":"","ocean_disable_title":"default","ocean_disable_heading":"default","ocean_post_title":"","ocean_post_subheading":"","ocean_post_title_style":"","ocean_post_title_background_color":"","ocean_post_title_background":0,"ocean_post_title_bg_image_position":"","ocean_post_title_bg_image_attachment":"","ocean_post_title_bg_image_repeat":"","ocean_post_title_bg_image_size":"","ocean_post_title_height":0,"ocean_post_title_bg_overlay":0.5,"ocean_post_title_bg_overlay_color":"","ocean_disable_breadcrumbs":"default","ocean_breadcrumbs_color":"","ocean_breadcrumbs_separator_color":"","ocean_breadcrumbs_links_color":"","ocean_breadcrumbs_links_hover_color":"","ocean_display_footer_widgets":"default","ocean_display_footer_bottom":"default","ocean_custom_footer_template":"","ocean_post_oembed":"","ocean_post_self_hosted_media":"","ocean_post_video_embed":"","ocean_link_format":"","ocean_link_format_target":"self","ocean_quote_format":"","ocean_quote_format_link":"post","ocean_gallery_link_images":"on","ocean_gallery_id":[],"footnotes":""},"categories":[1],"tags":[30,34,54,41],"class_list":["post-674","post","type-post","status-publish","format-standard","has-post-thumbnail","hentry","category-blog","tag-assessore-regionale","tag-digitale","tag-giustizia","tag-innovazione","entry","has-media"],"aioseo_notices":[],"_links":{"self":[{"href":"https:\/\/vittoriobugli.it\/index.php?rest_route=\/wp\/v2\/posts\/674","targetHints":{"allow":["GET"]}}],"collection":[{"href":"https:\/\/vittoriobugli.it\/index.php?rest_route=\/wp\/v2\/posts"}],"about":[{"href":"https:\/\/vittoriobugli.it\/index.php?rest_route=\/wp\/v2\/types\/post"}],"author":[{"embeddable":true,"href":"https:\/\/vittoriobugli.it\/index.php?rest_route=\/wp\/v2\/users\/1"}],"replies":[{"embeddable":true,"href":"https:\/\/vittoriobugli.it\/index.php?rest_route=%2Fwp%2Fv2%2Fcomments&post=674"}],"version-history":[{"count":2,"href":"https:\/\/vittoriobugli.it\/index.php?rest_route=\/wp\/v2\/posts\/674\/revisions"}],"predecessor-version":[{"id":678,"href":"https:\/\/vittoriobugli.it\/index.php?rest_route=\/wp\/v2\/posts\/674\/revisions\/678"}],"wp:featuredmedia":[{"embeddable":true,"href":"https:\/\/vittoriobugli.it\/index.php?rest_route=\/wp\/v2\/media\/677"}],"wp:attachment":[{"href":"https:\/\/vittoriobugli.it\/index.php?rest_route=%2Fwp%2Fv2%2Fmedia&parent=674"}],"wp:term":[{"taxonomy":"category","embeddable":true,"href":"https:\/\/vittoriobugli.it\/index.php?rest_route=%2Fwp%2Fv2%2Fcategories&post=674"},{"taxonomy":"post_tag","embeddable":true,"href":"https:\/\/vittoriobugli.it\/index.php?rest_route=%2Fwp%2Fv2%2Ftags&post=674"}],"curies":[{"name":"wp","href":"https:\/\/api.w.org\/{rel}","templated":true}]}}