{"id":679,"date":"2015-01-16T16:04:00","date_gmt":"2015-01-16T15:04:00","guid":{"rendered":"https:\/\/vittoriobugli.it\/?p=679"},"modified":"2025-08-07T16:13:05","modified_gmt":"2025-08-07T14:13:05","slug":"dallefficienza-energetica-unoccasione-per-far-ripartire-il-nostro-sistema-economico","status":"publish","type":"post","link":"https:\/\/vittoriobugli.it\/?p=679","title":{"rendered":"Dall&#8217;efficienza energetica un&#8217;occasione per far ripartire il nostro sistema economico"},"content":{"rendered":"<p>Sul tema dell&#8217;efficienza energetica la Toscana deve provare a giocarsi una partita per l&#8217;ambiente e per far ripartire settori-chiave del nostro sistema economico, come quello dell&#8217;edilizia che non pu\u00f2 fare a meno di riconvertirsi anche in queste nuove attivit\u00e0. \u00c8 un concetto che sostengo da tempo e che ho avuto l&#8217;occasione di ribadire proprio stamani in un convegno di alto profilo organizzato a Pisa dalla Scuola Superiore di Sant&#8217;Anna e da Toscana Energia Green, dal titolo &quot;Le politiche di approvvigionamento energetico degli enti locali tra obiettivi di efficienza energetica, obblighi di riduzione delle emissioni inquinanti, esigenze di spending review&quot;.<br \/>\nSono convinto che sia necessario da parte di tutti un ragionamento che guarda ancor pi\u00f9 all&#8217;innovazione, evitando aiuti a pioggia o iniziative spontanee ma interventi trasversali, in grado di coinvolgere pi\u00f9 settori della societ\u00e0 toscana, dalle imprese ai cittadini. Questo nuovo paradigma dovr\u00e0 tradursi in meno interventi ma pi\u00f9 grandi, strutturati e trasversali, che colleghino pi\u00f9 settori della societ\u00e0. Ma soprattutto in pi\u00f9 coraggio, pi\u00f9 idee, pi\u00f9 innovazione, e pi\u00f9 entusiasmo anche da parte delle imprese che in questo nuovo approccio possano sentirsi pi\u00f9 coinvolte. Anche per questo abbiamo anticipato con soldi nostri, dal nostro bilancio, il nuovo ciclo dei fondi strutturali europei: un intervento che ci ha consentito di aver gi\u00e0 fatto dei bandi per 130 milioni rivolti alle imprese destinati sia all&#8217;efficientamento energetico dei loro immobili sia a quello del processo produttivo. Interventi in conto capitale che potranno coprire fino al 40% dell&#8217;intervento per le micro e piccole imprese, fino al 30% per le medie e fino al 20% per le grandi, con un investimento minimo di 20.000 euro e un tetto massimo di 200.000 euro di aiuto.<br \/>\nAltro filone delle politiche regionali riguarda la gara europea, gi\u00e0 bandita, per un valore di 150 milioni che prevede la stipula di un accordo quadro con pi\u00f9 operatori economici e la successiva aggiudicazione di appalti per interventi finalizzati al miglioramento dell&#8217;efficienza energetica e al risparmio e destinati a tutti gli edifici pubblici. Un bando suddiviso in 8 lotti all&#8217;interno del quale tutte le pubbliche amministrazioni della Toscana potranno inserire i propri edifici a minor efficienza energetica: si va dalla sostituzione dei corpi illuminanti per l&#8217;illuminazione pubblica e per quella interna alla costruzione di impianti di cogenerazione o trigenerazione, dall&#8217;installazione di sistemi elettronici di regolazione all&#8217;efficientamento dei sistemi climatizzanti, dalla telegestione di sistemi energetici all&#8217;utilizzo di fonti rinnovabili per la produzione dell&#8217;energia.<br \/>\nTutti questi interventi rappresenteranno il &quot;parco progetti&quot; regionale in tema di efficientamento energetico e di sviluppo delle fonti rinnovabili per i prossimi anni e consentiranno un risparmio di 40 milioni di euro all&#8217;anno.<\/p>\n","protected":false},"excerpt":{"rendered":"<p>Sul tema dell&#8217;efficienza energetica la Toscana deve provare a giocarsi una partita per l&#8217;ambiente e per far ripartire settori-chiave del nostro sistema economico, come quello dell&#8217;edilizia che non pu\u00f2 fare a meno di riconvertirsi anche in queste nuove attivit\u00e0. \u00c8 un concetto che sostengo da tempo e che ho avuto l&#8217;occasione di ribadire proprio stamani [&hellip;]<\/p>\n","protected":false},"author":1,"featured_media":681,"comment_status":"open","ping_status":"open","sticky":false,"template":"","format":"standard","meta":{"om_disable_all_campaigns":false,"_monsterinsights_skip_tracking":false,"_monsterinsights_sitenote_active":false,"_monsterinsights_sitenote_note":"","_monsterinsights_sitenote_category":0,"ocean_post_layout":"","ocean_both_sidebars_style":"","ocean_both_sidebars_content_width":0,"ocean_both_sidebars_sidebars_width":0,"ocean_sidebar":"","ocean_second_sidebar":"","ocean_disable_margins":"enable","ocean_add_body_class":"","ocean_shortcode_before_top_bar":"","ocean_shortcode_after_top_bar":"","ocean_shortcode_before_header":"","ocean_shortcode_after_header":"","ocean_has_shortcode":"","ocean_shortcode_after_title":"","ocean_shortcode_before_footer_widgets":"","ocean_shortcode_after_footer_widgets":"","ocean_shortcode_before_footer_bottom":"","ocean_shortcode_after_footer_bottom":"","ocean_display_top_bar":"default","ocean_display_header":"default","ocean_header_style":"","ocean_center_header_left_menu":"","ocean_custom_header_template":"","ocean_custom_logo":0,"ocean_custom_retina_logo":0,"ocean_custom_logo_max_width":0,"ocean_custom_logo_tablet_max_width":0,"ocean_custom_logo_mobile_max_width":0,"ocean_custom_logo_max_height":0,"ocean_custom_logo_tablet_max_height":0,"ocean_custom_logo_mobile_max_height":0,"ocean_header_custom_menu":"","ocean_menu_typo_font_family":"","ocean_menu_typo_font_subset":"","ocean_menu_typo_font_size":0,"ocean_menu_typo_font_size_tablet":0,"ocean_menu_typo_font_size_mobile":0,"ocean_menu_typo_font_size_unit":"px","ocean_menu_typo_font_weight":"","ocean_menu_typo_font_weight_tablet":"","ocean_menu_typo_font_weight_mobile":"","ocean_menu_typo_transform":"","ocean_menu_typo_transform_tablet":"","ocean_menu_typo_transform_mobile":"","ocean_menu_typo_line_height":0,"ocean_menu_typo_line_height_tablet":0,"ocean_menu_typo_line_height_mobile":0,"ocean_menu_typo_line_height_unit":"","ocean_menu_typo_spacing":0,"ocean_menu_typo_spacing_tablet":0,"ocean_menu_typo_spacing_mobile":0,"ocean_menu_typo_spacing_unit":"","ocean_menu_link_color":"","ocean_menu_link_color_hover":"","ocean_menu_link_color_active":"","ocean_menu_link_background":"","ocean_menu_link_hover_background":"","ocean_menu_link_active_background":"","ocean_menu_social_links_bg":"","ocean_menu_social_hover_links_bg":"","ocean_menu_social_links_color":"","ocean_menu_social_hover_links_color":"","ocean_disable_title":"default","ocean_disable_heading":"default","ocean_post_title":"","ocean_post_subheading":"","ocean_post_title_style":"","ocean_post_title_background_color":"","ocean_post_title_background":0,"ocean_post_title_bg_image_position":"","ocean_post_title_bg_image_attachment":"","ocean_post_title_bg_image_repeat":"","ocean_post_title_bg_image_size":"","ocean_post_title_height":0,"ocean_post_title_bg_overlay":0.5,"ocean_post_title_bg_overlay_color":"","ocean_disable_breadcrumbs":"default","ocean_breadcrumbs_color":"","ocean_breadcrumbs_separator_color":"","ocean_breadcrumbs_links_color":"","ocean_breadcrumbs_links_hover_color":"","ocean_display_footer_widgets":"default","ocean_display_footer_bottom":"default","ocean_custom_footer_template":"","ocean_post_oembed":"","ocean_post_self_hosted_media":"","ocean_post_video_embed":"","ocean_link_format":"","ocean_link_format_target":"self","ocean_quote_format":"","ocean_quote_format_link":"post","ocean_gallery_link_images":"on","ocean_gallery_id":[],"footnotes":""},"categories":[1],"tags":[30,47,36,55],"class_list":["post-679","post","type-post","status-publish","format-standard","has-post-thumbnail","hentry","category-blog","tag-assessore-regionale","tag-clima","tag-economia","tag-energia","entry","has-media"],"aioseo_notices":[],"_links":{"self":[{"href":"https:\/\/vittoriobugli.it\/index.php?rest_route=\/wp\/v2\/posts\/679","targetHints":{"allow":["GET"]}}],"collection":[{"href":"https:\/\/vittoriobugli.it\/index.php?rest_route=\/wp\/v2\/posts"}],"about":[{"href":"https:\/\/vittoriobugli.it\/index.php?rest_route=\/wp\/v2\/types\/post"}],"author":[{"embeddable":true,"href":"https:\/\/vittoriobugli.it\/index.php?rest_route=\/wp\/v2\/users\/1"}],"replies":[{"embeddable":true,"href":"https:\/\/vittoriobugli.it\/index.php?rest_route=%2Fwp%2Fv2%2Fcomments&post=679"}],"version-history":[{"count":2,"href":"https:\/\/vittoriobugli.it\/index.php?rest_route=\/wp\/v2\/posts\/679\/revisions"}],"predecessor-version":[{"id":682,"href":"https:\/\/vittoriobugli.it\/index.php?rest_route=\/wp\/v2\/posts\/679\/revisions\/682"}],"wp:featuredmedia":[{"embeddable":true,"href":"https:\/\/vittoriobugli.it\/index.php?rest_route=\/wp\/v2\/media\/681"}],"wp:attachment":[{"href":"https:\/\/vittoriobugli.it\/index.php?rest_route=%2Fwp%2Fv2%2Fmedia&parent=679"}],"wp:term":[{"taxonomy":"category","embeddable":true,"href":"https:\/\/vittoriobugli.it\/index.php?rest_route=%2Fwp%2Fv2%2Fcategories&post=679"},{"taxonomy":"post_tag","embeddable":true,"href":"https:\/\/vittoriobugli.it\/index.php?rest_route=%2Fwp%2Fv2%2Ftags&post=679"}],"curies":[{"name":"wp","href":"https:\/\/api.w.org\/{rel}","templated":true}]}}