{"id":734,"date":"1997-01-25T14:41:00","date_gmt":"1997-01-25T13:41:00","guid":{"rendered":"https:\/\/vittoriobugli.it\/?p=734"},"modified":"2025-08-14T10:41:26","modified_gmt":"2025-08-14T08:41:26","slug":"consiglio-comunale-aperto-di-14-comuni-sulla-nuova-429","status":"publish","type":"post","link":"https:\/\/vittoriobugli.it\/?p=734","title":{"rendered":"Nuova 429: consiglio comunale aperto di 14 Comuni con il Presidente Chiti"},"content":{"rendered":"<p>Signori consiglieri, Presidente Chiti, Assessore Ciampolini, Signori Parlamentari, Signori consiglieri Regionali e provinciali, Autorit\u00e0, associazioni, Enti, Cittadini presenti, a nome di tutti i Sindaci Vi ringrazio per essere qui, oggi, in questa giornata di importanza fondamentale per le nostre comunit\u00e0, a questo consiglio comunale aperto convocato straordinariamente per discutere della 429.<\/p>\n<p>Un Consiglio Comunale aperto di 14 Comuni, un evento straordinario, di grande peso, che vuole significare da solo l&#8217;eccezionalit\u00e0 dell&#8217;argomento che abbiamo in discussione, l&#8217;importanza della cosa, il valore prioritario che queste comunit\u00e0 conferiscono alla realizzazione della nuova 429.<\/p>\n<p>Sono pi\u00f9 di trenta anni che si parla di questa nuova arteria, allorquando si inizi\u00f2 la progettazione della FI-PI-LI e si inizi\u00f2 a ritenere indispensabile il doverla congiungere con la FI-SI.<\/p>\n<p>Gi\u00e0 allora emerse quanto questo raccordo sia strategico e fondamentale per collegare la costa della Toscana e della Liguria con la Toscana centrale, l&#8217;Umbria e le Marche.<\/p>\n<p>Da allora il traffico sulla attuale arteria ha subito un incremento tale da risultare, in certe occasioni, intollerabile con un moderno sistema di mobilit\u00e0.<\/p>\n<p>Su di essa si \u00e8 riversato il traffico interregionale, costituito principalmente da mezzi pesanti, portato dall&#8217;apertura della FI-PI-LI.<\/p>\n<p>Su di essa si \u00e8 riversato l&#8217;aumento fisiologico della mobilit\u00e0 della zona che \u00e8 senz&#8217;altro una delle aree produttive forti della Toscana per la presenza in essa di ben tre distretti industriali, Empoli, Castelfiorentino e Poggibonsi e nel cuore di un tessuto produttivo che si allarga fino alla zona del cuoio e della Valdinievole.<\/p>\n<p>La Strada \u00e8 divenuta la spina dorsale di un sistema economico e di relazioni sociali con forte interconnessione e dal quale deriva la presenza di un carico tale da farla risultare decisamente inadeguata rispetto alle esigenze e quindi un elemento di freno per gli scambi economici necessari per un moderno sistema di sviluppo.<\/p>\n<p>Un blocco, quasi un macigno, che si frappone alla realizzazione di un efficiente sistema di servizi essenziale per uno sviluppo basato sulla interdipendenza e la complementariet\u00e0 delle funzioni che si svolgono tra le singole realt\u00e0 locali: dai servizi all&#8217;impresa a quelli alla persona, dalla sanit\u00e0 al sistema scolastico, dal sistema commerciale a quello turistico, dal circuito culturale allo smaltimento dei rifiuti.<\/p>\n<p>La strada ha reso sempre pi\u00f9 invivibili alcuni centri abitati dove il carico dell&#8217;inquinamento acustico ed ambientale si presenta, in alcuni momenti, decisamente sopra al livello di guardia.<\/p>\n<p>La strada \u00e8 divenuta, e questo \u00e8 il dato pi\u00f9 grave, sempre pi\u00f9 pericolosa e difficile da mettere in sicurezza. Solo nell&#8217;ultimo anno si \u00e8 avuto un numero esagerato di incidenti, di feriti e, purtroppo, di morti.<\/p>\n<p>Una grave carenza infrastrutturale, dunque.<\/p>\n<p>Spero sia chiara a tutti una cosa: questa grave carenza infrastrutturale non rientra nelle competenze dirette dei Comuni.<\/p>\n<p>Ma voglio ne sia chiara anche un&#8217;altra: i Comuni non si sono mai tirati indietro nell&#8217;affrontare la soluzione a questo problema.<\/p>\n<p>Tantomeno si stanno tirando indietro adesso, n\u00e9 si tireranno indietro in futuro.<\/p>\n<p>Da anni si sono assunti l&#8217;onere di rappresentare questo problema a tutti i livelli. Non soltanto: insieme alle provincie di Firenze e di Siena, alla Camera di Commercio di Firenze e ad alcuni Istituti di credito, hanno contribuito alle spese per la redazione, gi\u00e0 avvenuta da tempo, del progetto di massima di tutta l&#8217;arteria e del progetto definitivo della circonvallazione di Certaldo.<\/p>\n<p>Altro abbiamo fatto in questi anni. Altro abbiamo fatto in questi mesi.<\/p>\n<p>Un anno fa i Sindaci firmarono un protocollo di intesa con la provincia e la regione nel quale la regione si impegnava a contribuire alla progettazione del tratto Granaiolo &#8211; Fontanella \/ Empoli e svincolo di Empoli di collegamento con la FI-PI-LI. Cos\u00ec \u00e8 avvenuto e devo darle atto, signor Presidente, del mantenimento dell&#8217;impegno assunto. Questo progetto \u00e8 stato infatti inserito tra le progettazioni definitive cofinanziate con i fondi della legge regionale n.58. Il progetto definitivo, e quindi successivamente cantierabile, avr\u00e0 un costo complessivo stimato in 1.100 milioni. La regione ne ha finanziati 620. Il resto sono stati finanziati dalla provincia (che ha rispettato dunque anch&#8217;essa l&#8217;impegno), dalla camera di Commercio (che \u00e8 stata sempre accanto ai comuni in questi anni con il suo contributo sostanziale) e dai Comuni stessi. Adesso la provincia bandir\u00e0 la gara per la progettazione, dopodich\u00e9, a progettazione ultimata e presumibilmente in tempi non lunghi, avremo un altro tratto, sostanziale e di estrema importanza, anch&#8217;esso cantierabile.<\/p>\n<p>Nello stesso protocollo di intesa del febbraio scorso la Regione si impegn\u00f2 ad inserire il lotto di attraversamento di Certaldo tra le priorit\u00e0 regionali.<\/p>\n<p>Sul lotto di Certaldo, dicevo prima, abbiamo gi\u00e0 pronto il progetto definitivo che \u00e8 gi\u00e0 stato consegnato all&#8217;ANAS l&#8217;opera \u00e8 sostanzialmente cantierabile.<\/p>\n<p>E&#8217; su questo tratto che adesso occorre andare in fondo e concludere. Il cantiere per la realizzazione di questo tratto deve essere aperto per passare cos\u00ec ad una fase nuova per la 429: per passare dalla fase della rivendicazione a quella della realizzazione.<\/p>\n<p>Aprire il cantiere a Certaldo significa partire. Significa far muovere i primi passi ad un&#8217;opera indispensabile che non pu\u00f2 pi\u00f9 aspettare oltre. Significa darle il via, far vedere che sono passati i tempi di un&#8217;Anas inadempiente, di una programmazione delle priorit\u00e0 regionali cieca ad una evidente necessit\u00e0.<\/p>\n<p>In questi mesi abbiamo lavorato per inserire il lotto di Certaldo nel piano triennale dell&#8217;ANAS. Dopo la firma del protocollo di intesa i Sindaci hanno iniziato una operazione che ha coinvolto tutti i vari soggetti e tutti i vari passaggi.<\/p>\n<p>Vorrei ricostruire brevemente questi passaggi.<\/p>\n<p>Nel documento programmatico dei comitati di area dei distretti industriali le forze economiche, il sindacato e la camera di commercio hanno indicato nella 429 l&#8217;nfrastruttura essenziale per lo sviluppo dell&#8217;area e ne hanno fatto l&#8217;oggetto primario delle loro rivendicazioni.<\/p>\n<p>A seguito di una iniziativa della quale mi sono fatto carico a nome di tutti i Sindaci, tutti i partiti dell&#8217;area hanno trovato sul tema della 429 un terreno di azione comune sul quale far convergere l&#8217;impegno di tutti i partiti insieme a quello degli amministratori, dando prova di maturit\u00e0 e di attaccamento per i problemi &#8220;forti&#8221; dell&#8217;area per i quali, proprio per la loro importanza, \u00e8 indispensabile il lavoro e l&#8217;azione di tutti.<\/p>\n<p>Nel mese di Novembre \u00e8 stato effettuato un incontro tra alcuni Sindaci ed il presidente della Commissione lavori Pubblici della Camera, dottoressa Lorenzetti. In tale incontro \u00e8 emersa la conferma che la Commissione accetter\u00e0, per le opere di interesse regionale, le priorit\u00e0 che verranno indicate con chiarezza dalle regioni. Il presidente si \u00e8 anche presa l&#8217;impegno di trasmettere ad Anas e Ministero la massima attenzione sull&#8217;opera.<\/p>\n<p>Il 2 di dicembre il Consiglio Provinciale ha approvato un ordine del giorno nel quale si riconosce alla 429 carattere di priorit\u00e0 e si sollecita la Regione a considerare questa priorit\u00e0 in occasione della elaborazione del piano triennale ANAS.<\/p>\n<p>Alcuni giorni fa i 10 parlamentari toscani coinvolti nella questione ed appartenenti a tutti i partiti, hanno scritto una lettera al ministro Costa, all&#8217;Amministratore dell&#8217;ANAS ed al Presidente della Regione a sostegno della 429.<\/p>\n<p>A loro il sincero apprezzamento delle nostre amministrazioni per la disponibilit\u00e0 che hanno dimostrato sia per quanto fatto in questa fase che per gli impegni che si sono presi nel sostenere la cosa nelle successive fasi parlamentari.<\/p>\n<p>Adesso il passaggio pi\u00f9 importante.L&#8217; area non intende assolutamente porre il finanziamento della nuova 429 in termini di mera rivendicazione. Siamo solo a richiedere che venga rispettato un metodo della valutazione delle priorit\u00e0 che sia oggettivo. Se cos\u00ec sar\u00e0 siamo certi che la 429 sar\u00e0 inserita come la priorit\u00e0 nelle infrastrutture di interesse regionale del prossimo piano triennale ANAS.<\/p>\n<p>Questo chiediamo.<\/p>\n<p>Signor Presidente, molto adesso dipende da lei.<\/p>\n<p>Le 14 comunit\u00e0 che oggi sono qui rappresentate Le chiedono che la regione Toscana indichi chiaramente che la 429 \u00e8 &#8220;la priorit\u00e0&#8221; della regione tra le opere di interesse regionale. Dopo di che potremo continuare a lavorare, tutti insieme, per ottenere che ministero ed Anas diano il via all&#8217;opera e si parta definitivamente per la realizzazione di una infrastruttura che \u00e8 indispensabile per lo sviluppo di tutta la Regione, di una infrastruttura che faccia fare un salto di qualit\u00e0 non tanto e non solo a questa parte della Toscana, pur importante, ma a tutto il sistema di sviluppo regionale.<\/p>\n","protected":false},"excerpt":{"rendered":"<p>Signori consiglieri, Presidente Chiti, Assessore Ciampolini, Signori Parlamentari, Signori consiglieri Regionali e provinciali, Autorit\u00e0, associazioni, Enti, Cittadini presenti, a nome di tutti i Sindaci Vi ringrazio per essere qui, oggi, in questa giornata di importanza fondamentale per le nostre comunit\u00e0, a questo consiglio comunale aperto convocato straordinariamente per discutere della 429. Un Consiglio Comunale aperto [&hellip;]<\/p>\n","protected":false},"author":1,"featured_media":736,"comment_status":"open","ping_status":"open","sticky":false,"template":"","format":"standard","meta":{"om_disable_all_campaigns":false,"_monsterinsights_skip_tracking":false,"_monsterinsights_sitenote_active":false,"_monsterinsights_sitenote_note":"","_monsterinsights_sitenote_category":0,"ocean_post_layout":"","ocean_both_sidebars_style":"","ocean_both_sidebars_content_width":0,"ocean_both_sidebars_sidebars_width":0,"ocean_sidebar":"","ocean_second_sidebar":"","ocean_disable_margins":"enable","ocean_add_body_class":"","ocean_shortcode_before_top_bar":"","ocean_shortcode_after_top_bar":"","ocean_shortcode_before_header":"","ocean_shortcode_after_header":"","ocean_has_shortcode":"","ocean_shortcode_after_title":"","ocean_shortcode_before_footer_widgets":"","ocean_shortcode_after_footer_widgets":"","ocean_shortcode_before_footer_bottom":"","ocean_shortcode_after_footer_bottom":"","ocean_display_top_bar":"default","ocean_display_header":"default","ocean_header_style":"","ocean_center_header_left_menu":"","ocean_custom_header_template":"","ocean_custom_logo":0,"ocean_custom_retina_logo":0,"ocean_custom_logo_max_width":0,"ocean_custom_logo_tablet_max_width":0,"ocean_custom_logo_mobile_max_width":0,"ocean_custom_logo_max_height":0,"ocean_custom_logo_tablet_max_height":0,"ocean_custom_logo_mobile_max_height":0,"ocean_header_custom_menu":"","ocean_menu_typo_font_family":"","ocean_menu_typo_font_subset":"","ocean_menu_typo_font_size":0,"ocean_menu_typo_font_size_tablet":0,"ocean_menu_typo_font_size_mobile":0,"ocean_menu_typo_font_size_unit":"px","ocean_menu_typo_font_weight":"","ocean_menu_typo_font_weight_tablet":"","ocean_menu_typo_font_weight_mobile":"","ocean_menu_typo_transform":"","ocean_menu_typo_transform_tablet":"","ocean_menu_typo_transform_mobile":"","ocean_menu_typo_line_height":0,"ocean_menu_typo_line_height_tablet":0,"ocean_menu_typo_line_height_mobile":0,"ocean_menu_typo_line_height_unit":"","ocean_menu_typo_spacing":0,"ocean_menu_typo_spacing_tablet":0,"ocean_menu_typo_spacing_mobile":0,"ocean_menu_typo_spacing_unit":"","ocean_menu_link_color":"","ocean_menu_link_color_hover":"","ocean_menu_link_color_active":"","ocean_menu_link_background":"","ocean_menu_link_hover_background":"","ocean_menu_link_active_background":"","ocean_menu_social_links_bg":"","ocean_menu_social_hover_links_bg":"","ocean_menu_social_links_color":"","ocean_menu_social_hover_links_color":"","ocean_disable_title":"default","ocean_disable_heading":"default","ocean_post_title":"","ocean_post_subheading":"","ocean_post_title_style":"","ocean_post_title_background_color":"","ocean_post_title_background":0,"ocean_post_title_bg_image_position":"","ocean_post_title_bg_image_attachment":"","ocean_post_title_bg_image_repeat":"","ocean_post_title_bg_image_size":"","ocean_post_title_height":0,"ocean_post_title_bg_overlay":0.5,"ocean_post_title_bg_overlay_color":"","ocean_disable_breadcrumbs":"default","ocean_breadcrumbs_color":"","ocean_breadcrumbs_separator_color":"","ocean_breadcrumbs_links_color":"","ocean_breadcrumbs_links_hover_color":"","ocean_display_footer_widgets":"default","ocean_display_footer_bottom":"default","ocean_custom_footer_template":"","ocean_post_oembed":"","ocean_post_self_hosted_media":"","ocean_post_video_embed":"","ocean_link_format":"","ocean_link_format_target":"self","ocean_quote_format":"","ocean_quote_format_link":"post","ocean_gallery_link_images":"on","ocean_gallery_id":[],"footnotes":""},"categories":[1],"tags":[63,25],"class_list":["post-734","post","type-post","status-publish","format-standard","has-post-thumbnail","hentry","category-blog","tag-llpp","tag-sindaco","entry","has-media"],"aioseo_notices":[],"_links":{"self":[{"href":"https:\/\/vittoriobugli.it\/index.php?rest_route=\/wp\/v2\/posts\/734","targetHints":{"allow":["GET"]}}],"collection":[{"href":"https:\/\/vittoriobugli.it\/index.php?rest_route=\/wp\/v2\/posts"}],"about":[{"href":"https:\/\/vittoriobugli.it\/index.php?rest_route=\/wp\/v2\/types\/post"}],"author":[{"embeddable":true,"href":"https:\/\/vittoriobugli.it\/index.php?rest_route=\/wp\/v2\/users\/1"}],"replies":[{"embeddable":true,"href":"https:\/\/vittoriobugli.it\/index.php?rest_route=%2Fwp%2Fv2%2Fcomments&post=734"}],"version-history":[{"count":4,"href":"https:\/\/vittoriobugli.it\/index.php?rest_route=\/wp\/v2\/posts\/734\/revisions"}],"predecessor-version":[{"id":928,"href":"https:\/\/vittoriobugli.it\/index.php?rest_route=\/wp\/v2\/posts\/734\/revisions\/928"}],"wp:featuredmedia":[{"embeddable":true,"href":"https:\/\/vittoriobugli.it\/index.php?rest_route=\/wp\/v2\/media\/736"}],"wp:attachment":[{"href":"https:\/\/vittoriobugli.it\/index.php?rest_route=%2Fwp%2Fv2%2Fmedia&parent=734"}],"wp:term":[{"taxonomy":"category","embeddable":true,"href":"https:\/\/vittoriobugli.it\/index.php?rest_route=%2Fwp%2Fv2%2Fcategories&post=734"},{"taxonomy":"post_tag","embeddable":true,"href":"https:\/\/vittoriobugli.it\/index.php?rest_route=%2Fwp%2Fv2%2Ftags&post=734"}],"curies":[{"name":"wp","href":"https:\/\/api.w.org\/{rel}","templated":true}]}}