{"id":776,"date":"1997-11-30T13:05:00","date_gmt":"1997-11-30T12:05:00","guid":{"rendered":"https:\/\/vittoriobugli.it\/?p=776"},"modified":"2025-08-11T13:11:06","modified_gmt":"2025-08-11T11:11:06","slug":"conferimento-del-sanandrea-doro-a-monsignor-giovanni-cavini","status":"publish","type":"post","link":"https:\/\/vittoriobugli.it\/?p=776","title":{"rendered":"Conferimento del San&#8217;Andrea d&#8217;Oro a Monsignor Giovanni Cavini"},"content":{"rendered":"<p>Siamo alla quarta edizione del &quot;Sant&#8217;Andrea d&#8217;Oro&quot; ed oramai \u00e8 divenuta una consuetudine importante per la citt\u00e0 che in questa occasione d\u00e0 un riconoscimento a chi si \u00e8 reso operoso nei suoi confronti e nei confronti della sua comunit\u00e0.<br \/>\n&quot;Pietro ed Andrea semplici pescatori, gente comune, gente di fatica eppure straordinariamente disponibili nei confronti del prossimo&quot;: anche quest&#8217;anno occorre tenere fede a questo simbolo riportato sulla medaglia che consegner\u00f2 e che \u00e8 ripreso dal codice miniato presente nel patrimonio della Collegiata.<br \/>\nCose, simboli, consuetudini che fanno parte di una storia di una citt\u00e0, di una storia di una comunit\u00e0 e che ne tracciano i connotati in maniera forte, indelebile. La storia di questa citt\u00e0 \u00e8 fatta di queste cose, quasi sempre forti e indelebili.<br \/>\nDi questa storia, specialmente di quella pi\u00f9 recente, fa parte un elemento che \u00e8 stato ed \u00e8 un tracciante fondamentale, un segno distintivo, con tante particolarit\u00e0 sue e del contesto: la presenza religiosa in tutti i suoi aspetti e come presenza verso la collettivit\u00e0, verso le sue problematiche sociali, culturali ed umane, verso chi ha pi\u00f9 bisogno e verso l&#8217;impostazione che la collettivit\u00e0 si \u00e8 data e si sta dando.<br \/>\nStamani siamo qui a compiere un gesto semplice ma nobile, che non ha bisogno di molte parole per essere descritto, attraverso il quale la citt\u00e0 d\u00e0 un giusto riconoscimento alla presenza religiosa in citt\u00e0 e lo consegna a chi da molti anni la rappresenta come massima responsabilit\u00e0 ed autorit\u00e0 in modo esemplare e con una qualit\u00e0 certamente molto elevata: Monsignor Giovanni Cavini.<br \/>\nDiversi sarebbero i nomi di parroci, suore, istituti religiosi da richiamare citando il ruolo che hanno avuto o che hanno. La storia di Empoli \u00e8 fatta anche di questi nomi e del riflesso che hanno avuto ed hanno in rapporto con tutto il resto. Ma non voglio farlo.<br \/>\nStamani siamo qui a significare un qualcosa di pi\u00f9 generale, una presenza che complessivamente ha assunto certi connotati ed ha espresso determinati valori. E&#8217; forse pi\u00f9 difficile che citare specificit\u00e0 ma questo \u00e8 il modo per dare ancora maggior valore, maggior senso, a questa cerimonia, sempre semplice anche se importante.<br \/>\nMi sia consentito, allora, cercare molto brevemente di cogliere alcuni di questi aspetti, perlomeno nella storia pi\u00f9 recente.<br \/>\nUn aspetto prima di tutto: la presenza religiosa in citt\u00e0 \u00e8 stata una presenza nella quale il livello degli uomini e donne di chiesa che l&#8217;hanno contraddistinta \u00e8 stato ed \u00e8 certamente qualificato.<br \/>\nUn secondo aspetto: il metodo con cui si \u00e8 manifestata questa qualit\u00e0 \u00e8 stato un metodo basato, come dire, su una disponibilit\u00e0 positiva ed attiva.<br \/>\nQueste due cose insieme hanno prodotto un ruolo in cui, accanto ad una vera capacit\u00e0 di mettersi al servizio degli altri uomini e donne, della comunit\u00e0 e di chi la rappresenta, questo si \u00e8 verificato con estrema capacit\u00e0 di operare quasi in silenzio, in modo riservato ma operoso, senza apparire o voler pesare pi\u00f9 del dovuto se non per mantenere gelosamente una propria autonomia nell&#8217;operare e nell&#8217;essere autorit\u00e0 riferimento di tutti. Tutti tratti salienti del buon governo e valori veri da trasmettere alla comunit\u00e0 che si rappresenta come valori di metodo che vengono prima di quelli di contenuto. Valori da condividere il pi\u00f9 a lungo possibile, al di l\u00e0 degli orientamenti, come valori del fare prima che dell&#8217;apparire, tra chi ha la responsabilit\u00e0 della guida, sia essa civile o religiosa, dell&#8217;intera comunit\u00e0 e deve trasmettere alla stessa, prima di tutto, la seriet\u00e0 e la responsabilit\u00e0 del ruolo per farli divenire seriet\u00e0 e responsabilit\u00e0 collettiva.<br \/>\nUn altro aspetto: la capacit\u00e0 di avere trasmesso con forza e decisione i valori universali e prima di tutto quello della pace. Solo un ricordo, quello delle iniziative e della manifestazione che termin\u00f2 con la messa in Collegiata e che fu fatta in citt\u00e0 contro la guerra del Golfo. Un&#8217;azione operosa, diretta, per manifestare insieme alla parte &quot;civile&quot; della citt\u00e0, a chi la rappresenta istituzionalmente, il netto rifiuto alla guerra ed ai conflitti violenti tra gli uomini.<br \/>\nL&#8217;altro aspetto ancora riguarda il ruolo che la presenza religiosa ha avuto nella crescita culturale della citt\u00e0. Notevole \u00e8 la presenza di istituti scolastici religiosi e di momenti di partecipazione e di approfondimento culturale che fanno riferimento al mondo cattolico in generale ed alla presenza religiosa in particolare, non importa citarli. Mi preme solo rammentare che quando la citt\u00e0 era priva di istituti superiori fu proprio il comune a richiedere ad un istituto religioso di portare la sua presenza in citt\u00e0 ospitandolo nell&#8217;ex Convento degli Agostiniani. Quanto questa cosa ha dato impulso, ha consentito di velocizzare i tempi e la qualificazione di una presenza in citt\u00e0 oramai completa di istituti di ogni ordine e grado compresa, da poco, la presenza dell&#8217;Universit\u00e0? Io credo tanto, ed anche questo \u00e8 un fatto.<br \/>\nPer ultimo, ma senz&#8217;altro primo in ordine di importanza, vi \u00e8 l&#8217;aspetto del grande apporto che la presenza religiosa ha dato e sta dando in tutte le attivit\u00e0 che riguardano chi ha avuto meno fortuna, chi ha diritto di accesso ad essere ascoltato meglio e prima degli altri: i pi\u00f9 svantaggiati. Anche qui non voglio fare citazioni, sarebbero tante: dagli interventi per chi \u00e8 senza un alloggio, chi \u00e8 senza un pasto, chi non si pu\u00f2 permettere una cura o un&#8217;assistenza fino a chi ha bisogno solo di socializzare e di crescere ed educarsi insieme agli altri, spesso, giovani.<br \/>\nQuesti sono alcuni aspetti complessivi del senso con cui oggi conferisco questo riconoscimento, il Sant&#8217;Andrea d&#8217;Oro, a Monsignor Cavini ed a quello che rappresenta.<br \/>\nConsentitemi di concludere, prima di passare alla consegna del Sant&#8217;Andrea, ricordando che quest&#8217;anno sono 25 anni che Monsignor Cavini \u00e8 a Empoli. Lo ringrazio per quello che ha fatto e che sta facendo e gli faccio, e faccio alla citt\u00e0, gli auguri pi\u00f9 sinceri perch\u00e9 possa continuare per ancora tanti anni a svolgere questo suo compito cos\u00ec come lo ha svolto in tutti questi anni e per il quale gli siamo tutti sinceramente riconoscenti.<\/p>\n","protected":false},"excerpt":{"rendered":"<p>Siamo alla quarta edizione del &quot;Sant&#8217;Andrea d&#8217;Oro&quot; ed oramai \u00e8 divenuta una consuetudine importante per la citt\u00e0 che in questa occasione d\u00e0 un riconoscimento a chi si \u00e8 reso operoso nei suoi confronti e nei confronti della sua comunit\u00e0. &quot;Pietro ed Andrea semplici pescatori, gente comune, gente di fatica eppure straordinariamente disponibili nei confronti del [&hellip;]<\/p>\n","protected":false},"author":1,"featured_media":778,"comment_status":"open","ping_status":"open","sticky":false,"template":"","format":"standard","meta":{"om_disable_all_campaigns":false,"_monsterinsights_skip_tracking":false,"_monsterinsights_sitenote_active":false,"_monsterinsights_sitenote_note":"","_monsterinsights_sitenote_category":0,"ocean_post_layout":"","ocean_both_sidebars_style":"","ocean_both_sidebars_content_width":0,"ocean_both_sidebars_sidebars_width":0,"ocean_sidebar":"","ocean_second_sidebar":"","ocean_disable_margins":"enable","ocean_add_body_class":"","ocean_shortcode_before_top_bar":"","ocean_shortcode_after_top_bar":"","ocean_shortcode_before_header":"","ocean_shortcode_after_header":"","ocean_has_shortcode":"","ocean_shortcode_after_title":"","ocean_shortcode_before_footer_widgets":"","ocean_shortcode_after_footer_widgets":"","ocean_shortcode_before_footer_bottom":"","ocean_shortcode_after_footer_bottom":"","ocean_display_top_bar":"default","ocean_display_header":"default","ocean_header_style":"","ocean_center_header_left_menu":"","ocean_custom_header_template":"","ocean_custom_logo":0,"ocean_custom_retina_logo":0,"ocean_custom_logo_max_width":0,"ocean_custom_logo_tablet_max_width":0,"ocean_custom_logo_mobile_max_width":0,"ocean_custom_logo_max_height":0,"ocean_custom_logo_tablet_max_height":0,"ocean_custom_logo_mobile_max_height":0,"ocean_header_custom_menu":"","ocean_menu_typo_font_family":"","ocean_menu_typo_font_subset":"","ocean_menu_typo_font_size":0,"ocean_menu_typo_font_size_tablet":0,"ocean_menu_typo_font_size_mobile":0,"ocean_menu_typo_font_size_unit":"px","ocean_menu_typo_font_weight":"","ocean_menu_typo_font_weight_tablet":"","ocean_menu_typo_font_weight_mobile":"","ocean_menu_typo_transform":"","ocean_menu_typo_transform_tablet":"","ocean_menu_typo_transform_mobile":"","ocean_menu_typo_line_height":0,"ocean_menu_typo_line_height_tablet":0,"ocean_menu_typo_line_height_mobile":0,"ocean_menu_typo_line_height_unit":"","ocean_menu_typo_spacing":0,"ocean_menu_typo_spacing_tablet":0,"ocean_menu_typo_spacing_mobile":0,"ocean_menu_typo_spacing_unit":"","ocean_menu_link_color":"","ocean_menu_link_color_hover":"","ocean_menu_link_color_active":"","ocean_menu_link_background":"","ocean_menu_link_hover_background":"","ocean_menu_link_active_background":"","ocean_menu_social_links_bg":"","ocean_menu_social_hover_links_bg":"","ocean_menu_social_links_color":"","ocean_menu_social_hover_links_color":"","ocean_disable_title":"default","ocean_disable_heading":"default","ocean_post_title":"","ocean_post_subheading":"","ocean_post_title_style":"","ocean_post_title_background_color":"","ocean_post_title_background":0,"ocean_post_title_bg_image_position":"","ocean_post_title_bg_image_attachment":"","ocean_post_title_bg_image_repeat":"","ocean_post_title_bg_image_size":"","ocean_post_title_height":0,"ocean_post_title_bg_overlay":0.5,"ocean_post_title_bg_overlay_color":"","ocean_disable_breadcrumbs":"default","ocean_breadcrumbs_color":"","ocean_breadcrumbs_separator_color":"","ocean_breadcrumbs_links_color":"","ocean_breadcrumbs_links_hover_color":"","ocean_display_footer_widgets":"default","ocean_display_footer_bottom":"default","ocean_custom_footer_template":"","ocean_post_oembed":"","ocean_post_self_hosted_media":"","ocean_post_video_embed":"","ocean_link_format":"","ocean_link_format_target":"self","ocean_quote_format":"","ocean_quote_format_link":"post","ocean_gallery_link_images":"on","ocean_gallery_id":[],"footnotes":""},"categories":[1],"tags":[69,75,25],"class_list":["post-776","post","type-post","status-publish","format-standard","has-post-thumbnail","hentry","category-blog","tag-cerimonie","tag-santandrea","tag-sindaco","entry","has-media"],"aioseo_notices":[],"_links":{"self":[{"href":"https:\/\/vittoriobugli.it\/index.php?rest_route=\/wp\/v2\/posts\/776","targetHints":{"allow":["GET"]}}],"collection":[{"href":"https:\/\/vittoriobugli.it\/index.php?rest_route=\/wp\/v2\/posts"}],"about":[{"href":"https:\/\/vittoriobugli.it\/index.php?rest_route=\/wp\/v2\/types\/post"}],"author":[{"embeddable":true,"href":"https:\/\/vittoriobugli.it\/index.php?rest_route=\/wp\/v2\/users\/1"}],"replies":[{"embeddable":true,"href":"https:\/\/vittoriobugli.it\/index.php?rest_route=%2Fwp%2Fv2%2Fcomments&post=776"}],"version-history":[{"count":2,"href":"https:\/\/vittoriobugli.it\/index.php?rest_route=\/wp\/v2\/posts\/776\/revisions"}],"predecessor-version":[{"id":779,"href":"https:\/\/vittoriobugli.it\/index.php?rest_route=\/wp\/v2\/posts\/776\/revisions\/779"}],"wp:featuredmedia":[{"embeddable":true,"href":"https:\/\/vittoriobugli.it\/index.php?rest_route=\/wp\/v2\/media\/778"}],"wp:attachment":[{"href":"https:\/\/vittoriobugli.it\/index.php?rest_route=%2Fwp%2Fv2%2Fmedia&parent=776"}],"wp:term":[{"taxonomy":"category","embeddable":true,"href":"https:\/\/vittoriobugli.it\/index.php?rest_route=%2Fwp%2Fv2%2Fcategories&post=776"},{"taxonomy":"post_tag","embeddable":true,"href":"https:\/\/vittoriobugli.it\/index.php?rest_route=%2Fwp%2Fv2%2Ftags&post=776"}],"curies":[{"name":"wp","href":"https:\/\/api.w.org\/{rel}","templated":true}]}}