{"id":800,"date":"2005-01-14T14:07:00","date_gmt":"2005-01-14T13:07:00","guid":{"rendered":"https:\/\/vittoriobugli.it\/?p=800"},"modified":"2025-08-18T13:40:15","modified_gmt":"2025-08-18T11:40:15","slug":"ds-intervento-congresso-federazione-2005","status":"publish","type":"post","link":"https:\/\/vittoriobugli.it\/?p=800","title":{"rendered":"DS Intervento Congresso Federazione 2005"},"content":{"rendered":"<p>Credo abbiamo davanti un lavoro difficile e impegnativo che richiede il massimo da tutti noi, nuove idee, forte coesione del partito, gran entusiasmo e gioco di squadra da parte di tutti noi singoli componenti di questa forza che vogliamo migliore.<br \/>\nLavoro difficile.<br \/>\nAbbiamo detto, molti interventi e la relazione l&#8217;hanno detto:<br \/>\n-L&#8217;Italia \u00e8 un Paese che sta subendo un forte declinio.<br \/>\n-L&#8217;Italia si allontana sempre pi\u00f9 da essere uno dei principali Paesi Industriali: sta smantellando molta parte della sua industria.<br \/>\n-E&#8217; il Paese con la percentuale di anziani pi\u00f9 alta del mondo e con il minor aumento di nascite dei paesi industrializzati.<br \/>\n-E&#8217; il Paese dove i livelli di cultura, di istruzione, di ricerca scientifica sono tra i pi\u00f9 bassi d&#8217;Europa, con una delle pi\u00f9 basse percentuali di laureati.<br \/>\n-In dieci la quota delle esportazioni \u00e8 scesa enormemente e in quelle di prodotti tecnologici siamo almeno 4 punti sotto a Francia e 6 sotto la Germania.<br \/>\n-Gli automatismi della modernizzazione sono tutti in chiave conservativa, tese cio\u00e8 a conservare le rendite di posizione, i compartimenti stagni, le corporazioni.<br \/>\n-Le donne sono la categoria che ne risente di pi\u00f9 anche se sono sempre pi\u00f9 preparate e competitive dei maschi e si genera quindi che chi \u00e8 pi\u00f9 preparato rimane indietro e chi lo \u00e8 meno prende le leve del potere.<br \/>\n-La mobilit\u00e0 sociale \u00e8 ingessata: il figlio fa il lavoro del padre, i primi a conservare il lavoro in famiglia sono i professionisti, ci si sposa con quello accanto di banco, la progressione formativa non si basa su una vera selezione, etc. Eppure il futuro delle giovani generazioni \u00e8 una delle prime cose di cui dovremmo occuparci e la politica sembra intimorita che a metter mano a questo argomento si possano rompere equilibri con le classi sociali &quot;collocate&quot;. Si ha paura di metter mano ad una scuola realmente selettiva.<br \/>\n-Nelle persone non c&#8217;\u00e8 sicurezza, vi \u00e8 un avvilimento diffuso. Vi sono segnali inquietanti sull&#8217;uso esteso di tranquillanti e sostanze in giovani generazioni e generazioni di mezzo, spesso appartenenti al medio ceto.<br \/>\n-E&#8217; spesso questo il disagio del ceto medio, grande pancia della cipolla sociale italiana che rappresenta al meglio il peso della presenza di una classe media estesa fatta di impiegati, commercianti e tecnici.<br \/>\nQuesta classe si sente a disagio perch\u00e9 impoverita, vulnerabile. Non solo per la perdita del suo potere d&#8217;acquisto (reale ma non sufficiente a farla distaccare da Berlusconi) ma anche perch\u00e9 sta percependo sulla pelle che questo tipo di mercato non ha pi\u00f9 bisogno dei grandi valori che furono rappresentati da questa classe: la moderazione, la laboriosit\u00e0, il merito, la stabilit\u00e0 sociale. Tutto ci\u00f2 sta producendo malcontento profondo in questa classe che in Italia ha garantito un equilibrato compromesso tra efficienza economica, coesione sociale e libert\u00e0 politica.<br \/>\nQuesto pone seri problemi alla politica. Non si far\u00e0 politica nei prossimi anni se non si riesce a condensare la frammentazione sociale, se non si riesce a ritessere la rappresentanza contro il leaderismo carismatico oggi in crisi, se non si parla a un blocco sociale di riferimento, se non si capisce come tale blocco sociale si articola sul territorio, se non si riesce a seguire il destino dei vari territori. Quello che si dovr\u00e0 fare \u00e8 conciliare l&#8217;adozione di provvedimenti capaci di rimettere l&#8217;economia al passo dei concorrenti con la capacit\u00e0 di chi si \u00e8 scoperto vulnerabile. E non si pu\u00f2 contrastare l&#8217;impoverimento con politiche redistributive e compensative di tipo classico che funzionano solo per casi e settori marginali, non quando \u00e8 colpito, come oggi, il grosso del ceto medio.<br \/>\nE la politica di sinistra dovr\u00e0 avere un atteggiamento aperto e duale. Dunque complesso. Un atteggiamento culturale nuovo in cui si prenda definitivamente atto che esiste una societ\u00e0 consolidata con le sue rappresentanza, ma esistono anche le famiglie e gli individui. Pur essendo composte dagli stessi soggetti, queste due entit\u00e0 sono non immediatamente riconducibili l&#8217;una all&#8217;altra.<br \/>\nSta ad una seria e moderna politica di sinistra attivare un&#8217;azione che guardi con capacit\u00e0 elaborativa ed organizzativa su questi due fronti, quello della societ\u00e0 nel suo complesso e quello degli individui e delle famiglie nel particolare.<br \/>\nGuardare alla societ\u00e0 nel suo complesso significa anzitutto guardare ai soggetti della rappresentanza che sono e rimangono ancora forti e vitali, se pur mutati e trasformati. I soggetti della concertazione rimangono il principale interlocutore delle nostre attenzioni politiche nella progettazione dello sviluppo e nella sua attuazione.<br \/>\nMa occorre guardare attentamente e con nuova capacit\u00e0 di elaborazione e azione organizzata alla tendenza verso l&#8217;individualizzazione dei comportamenti e a come le persone si sentono e si muovono in quanto individui. Non vedendo, guardando a questo come qualcosa di negativo per forza. Gli italiani si tesserano ancora molto e ci\u00f2 basta al permanere di organizzazioni di rappresentanza forti e strutturate. Ma c&#8217;\u00e8 molta pi\u00f9 fluidit\u00e0 che porta a farsi rappresentare di volta in volta a seconda dell&#8217;istanza personale da raggiungere. Ma vi sono<br \/>\nQuesto esiste anche in classi una volta senz&#8217;altro al di sopra di questa tendenza come la classe operaia. Sono cambiate molto le caratteristiche e le modalit\u00e0 del lavoro manuale e all&#8217;interno, con l&#8217;abolizione della grande fabbrica uguale dappertutto e la realt\u00e0 di una frammentazione produttiva diversificata nei settori e sul territorio, fatta di lavoro flessibile prevalente, si va a perdere quella caratteristica di grande monolite portatore di un interesse comune che fu rappresentato dalla classe operaia del passato. E al suo interno si sono formate e sono in formazione nuove identit\u00e0 che diversificano, pur iscritte allo stesso sindacato (pur non essendo quasi mai il caso della cgil), i loro obiettivi politici e sociali. Altrimenti non si spiega, tra l&#8217;altro, come possa il berlusconismo o la lega, aver fatto breccia ed essersi consolidati anche con il consenso di tanti lavoratori.<br \/>\nApprocci diversi e individualit\u00e0 diffuse pur essendo appartenenti alla medesima classe sociale o alla stessa organizzazione di rappresentanza. Dobbiamo tenerne conto. E capire quali sono i temi su cui si trova una unitariet\u00e0 di comportamenti: quello della maggioranza della societ\u00e0 organizzata e quello del modo di vivere come singoli, quello che sentono i singoli.<br \/>\nUno di questi temi \u00e8 senza dubbio quello della pace. Avere timore, incertezza, su questo tema equivale, oltre che a fare un pessimo servizio all&#8217;umanit\u00e0 (il che basta e avanza) a non cogliere che oramai la nostra societ\u00e0, sicuramente quella a livello locale, si aspetta che almeno su questi temi il nostro partito sia perfettamente in sintonia con loro, &quot;ci si senta bene&quot;.<br \/>\nAltri temi sono quelli legati alla salute, alla giusta alimentazione, al benessere, alla salvaguardia dell&#8217;ambiente, alla cura del paesaggio, all&#8217;utilizzo del tempo libero a fini culturali e ambientali, alla bellezza della forma e delle arti. Oggi sono questi temi dove non siamo pi\u00f9 alle elaborazioni avanzate di un partito della sinistra che tenta di portarle in una societ\u00e0 sempre pi\u00f9 avanzata, ma siamo alla pratica quotidiana di tanti piccoli o grandi atti che tante persone, che prima o poi saranno la maggioranza, scelgono tutti i giorni di farle essere pratica quotidiana, parte del loro tempo, motivo di educazione costante nel comportamento dei loro figli. Anche su queste cose occorre una identit\u00e0, una carica positiva del nostro partito che faccia sentire un senso di appartenenza forte alle persone che le vivono.<br \/>\nIl ruolo della politica a livello locale, di questa classe dirigente, delle Istituzioni continua ad essere un ruolo determinante in questo percorso. Vedete, noi stiamo dicendo da anni alcune cose che oramai siamo anche stanchi di pronunciare di nuovo. Ci veniamo a noia da noi stessi quando ce le sentiamo dire. Eppure dobbiamo domandarci quanto queste cose siano conosciute, sentite e condivise dalle persone che vivono il nostro territorio. Quanto siamo stati e siamo in grado di farle divenire obiettivo generalizzato.<br \/>\nE&#8217; solo se riusciamo a parlare, proporre, recepire il contributo delle persone, solo cio\u00e8 se siamo in grado di dispiegare una forte azione del nostro partito nei luoghi dove avvengono queste dinamiche che riusciremo a portare a obiettivo di tutti le nostre politiche riformiste, a entrarci nel merito una per una, a riempire di contenuti che entrano nella vita delle persone le tante infrastrutturazioni che abbiamo messo in campo e a rafforzare il risultato che compete storicamente ad un partito forte e diffuso come il nostro: dare un&#8217;idea chiara ma aperta al contributo di tutti dell&#8217;idea che abbiamo del nostro futuro collettivo.<br \/>\nA partire da qui si pu\u00f2 cominciare a ragionare su un nuovo blocco sociale centrato sulla coalizione fra una pluralit\u00e0 di soggetti. Occorre fare coalizione fra locale e globale per costruire uno spazio che consenta d&#8217;andare dal locale al globale e viceversa. Occorre fare coalizione fra lavoro normato e lavoro autonomo, comprendendo che queste condizioni sono pi\u00f9 intrecciate di quanto non appaia. Occorre fare coalizione fra differenti identit\u00e0 etniche e culturali, superando l&#8217;idea che il fenomeno dell&#8217;immigrazione sia temporaneo: siamo solo all&#8217;inizio e dunque dobbiamo strutturare tutte le nostre forze per affrontarlo al meglio, come risorsa positiva e duratura e non come rischio che prima o poi finir\u00e0.<br \/>\nOccorre andare oltre l&#8217;economia della prossimit\u00e0 e del vicinato tipica dei vecchi distretti, cresciuti tra imprenditori locali che si arrangiavano. Nei vecchi distretti il grande alleato era il sindaco-imprenditore della comunit\u00e0 locale; poi c&#8217;era il direttore della banca dove gli imprenditori scontavano le loro cambiali, e infine le associazioni di rappresentanza che insegnavano a pagare meno tasse e a tenere i libri-paga in ordine avendo per alleato il commercialista che seguiva da vicino il tutto. L&#8217;epoca dei distretti nasce cos\u00ec.<br \/>\nQuesto modello non basta pi\u00f9. Partendo dalla drammaticit\u00e0 della transizione, dobbiamo entrarci dentro. Quello che occorre \u00e8 fare evolvere modernamente certe funzioni superiori. Dobbiamo organizzare funzioni superiori.<br \/>\n-La ricerca e innovazione che pu\u00f2 essere organizzata dal pubblico o dal privato, possono farlo l&#8217;impresa che lo trasforma in un business oppure l&#8217;universit\u00e0 o un centro servizi. Funzioni di ricerca industriale come il tessile tecnico, i nuovi materiali, l&#8217;elettronica, le biotecnologie.<br \/>\n-Fare sponda alla nascita di nuove leadership industriali, quelle della media impresa che riesce a internazionalizzarsi e a produrre sia qui che altrove, e che pu\u00f2 in alcuni casi accorpare microimprese che da sole non riescono ad andare sul mercato internazionale ma che possono vantare un altissimo contenuto artigianale.<br \/>\n-Incoraggiare un terziario qualificato, il commercialista dei tempi moderni, per stimolare il sistema finanziario e le banche a riprendere una strada che sembra interrotta.<br \/>\n-Mettere le mani nel piatto sulla questione delle banche, che si sono alzate dal territorio verso una finanziarizzazione spinta offerta tra l&#8217;altro all&#8217;imprenditore come individuo pi\u00f9 che come impresa, che porta alle isole Cayman ma non alla valorizzazione del territorio stesso. Per risolvere i problemi c&#8217;\u00e8 bisogno di una liquidit\u00e0 finanziaria che riconosce un sistema territoriale, lo quota al mercato globale e riporta i soldi sul territorio.<br \/>\n-Portare avanti il tema della modernizzazione delle reti, reti da intendersi in maniera ampia, non solo le reti soft ma anche quelle hard delle multiutility. Smettere di provare una specie di disagio su questo aspetto perch\u00e9 pu\u00f2 aver prodotto e pu\u00f2 produrre alcuni problemi di rapporto con la cittadinanza. Risolvere questi problemi entrandoci dentro come complesso del partito, come complesso delle forze di coalizione, capendo che \u00e8 uno dei pochi casi in cui si \u00e8 costruito sviluppo nuovo sul territorio, sviluppo innovativo, e che ha le potenzialit\u00e0 per espandersi e produrre veri risultati di sistema. Un vero modo tremendamente concreto di fare sistema territoriale.<br \/>\n-Utilizzare e rapportarci con la rete delle imprese sociali, le cooperative sociali, tutto quello che sta venendo avanti da questo punto di vista, che \u00e8 un settore dell&#8217;economia.<br \/>\nQuesti mondi, il mondo dell&#8217;economia, non si aspettano necessariamente la soluzione ai loro problemi ma hanno un fondamentale bisogno di leadership, di un&#8217;indicazione della strada da percorrere. E questa non la possono aspettare che da noi.<br \/>\nSi aspetta che siamo noi, insieme a loro, a selezionare i progetti, mobilitare le energie, chiamare a raccolta i soggetti, e pensare anche a misure di accompagnamento per una fase di transizione critica (cio\u00e8 misure difensive) potrebbe restituire un minimo di fiducia e togliere un po&#8217; di incertezza.<br \/>\nAbbiamo di fronte un mondo fortemente colpito nella sua essenza di imprenditore, di lavoratore, di produttore di ricchezza. Proprio in questi giorni un giovane imprenditore gi\u00e0 colto dalle difficolt\u00e0 economiche di chi si \u00e8 visto aumentare i propri prezzi del 30% dal cambio euro-dollaro ed in piena ristrutturazione aziendale con tanto di riduzione di posti di lavoro, mi diceva di aver ricevuto una contestazione da un cliente americano per un ordine consegnato nel 2003 per decine di migliaia di dollari. Dollari che il cliente avrebbe detratto dalla fattura che deve pagare nei prossimi giorni. Lo diceva Nigi ieri sera: certamente non risolviamo questi problemi andando loro a parlare di &quot;fare sistema&quot;, ma bisognera pur essere accanto a questi imprenditori, a questi lavoratori colpiti indirettamente e denunciare con loro l&#8217;aggressione economica che stanno subendo da politiche commerciali tese da una parte a combattere l&#8217;espansione economica europea e dall&#8217;altra a farli sentire parte di questa Europa che tenta di costruire forza economica e nuove politiche estere e monetarie. Insieme a loro a non farsi prendere in giro da un governo che continua a dire il problema non c&#8217;\u00e8, che le cose vanno bene e che cura gli interessi in loco di chi attua queste politiche commerciali avverse.<br \/>\nEcco perch\u00e9 non dobbiamo stancare di ascoltarci quando portiamo avanti i nostri temi. Ecco perch\u00e9 l&#8217;unico modo per farlo \u00e8 affrontarli ad uno ad uno nel dispiegarsi delle loro potenzialit\u00e0. Attuarli. Renderli concreti ogni giorno di pi\u00f9. Farli percepire nella loro attuazione.<br \/>\nE poi tessere il rapporto tra queste dimensioni economiche e sociali, tessere la forma in cui il locale riesce a dialogare con il globale. Quindi: quale ruolo per la Regione, quale ruolo per l&#8217;ente Provincia, per noi in modo particolare della difesa del ruolo del Circondario e della sua crescita di importanza, rispetto a una dimensione di comunit\u00e0 geograficache diventa importante. E la verifica se questo ruolo lo ha o non lo ha. E se non \u00e8 sufficiente la necessit\u00e0 di rivendicare ancora maggiori livelli pi\u00f9 adeguati al territorio.<br \/>\nE ancora scavare e migliorare il ruolo degli strumenti che in questi anni ci siamo costruiti sul territorio, dall&#8217;agenzia per lo sviluppo all&#8217;universit\u00e0, dalla formazione professionale alla scuola superiore, per valorizzarli, rilanciare le loro competenze e il loro ruolo e metterli in squadra con tutto il sistema territoriale. Dare loro indirizzi precisi, far crescere la loro possibilit\u00e0 di percepire una collocazione fondamentale in uno sviluppo futuro ben delineato, delineato insieme.<br \/>\nIl ruolo delle tante politiche riformiste che abbiamo attuato per spingerle e rilanciarle come valori di comunit\u00e0 che sono o saranno presto a disposizione della comunit\u00e0: come quelle sui servizi pubblici locali, sul sistema socio-sanitario, su quello della formazione, su quello ambientale, dell&#8217;inclusione sociale.<br \/>\nCostruiamo la nostra piattaforma e mettiamoci a pieno titolo queste politiche, questi strumenti, e avanziamole alla societ\u00e0 dando l&#8217;idea precisa di quello che proponiamo come sviluppo del nostro territorio. Presto saranno visibili le nuove, importantissime infrastrutture che abbiamo ottenuto per il miglioramento delle condizioni di questa area. Questo ci aiuter\u00e0.<br \/>\nCostruiamo la nostra piattaforma e proponiamola ancora una volta a tutti gli attori e troviamo il verso, anche politico, di veicolarle con il giusto peso verso la Regione. La Regione \u00e8 il luogo che sta in mezzo, tra lo sviluppo locale e la dimensione globale. E noi dobbiamo garantirci che essa sia in grado di dialogare con i vari sistemi e portare queste piattaforme dentro le reti lunghe. E&#8217; l\u00ec che noi dobbiamo concentrare l&#8217;attenzione se vogliamo che il nostro territorio non soffra di questo handicap.<br \/>\nTocca a una forza come la nostra mettere questi temi sul tappeto. Tocca alla politica e tocca al nostro partito farlo, lanciarlo come obiettivo per tutto il territorio del Circondario.<br \/>\nApriamo un grande confronto su questo. Lanciamo l&#8217;idea di fare un &quot;grande seminario aperto&quot; di area a cui andare con le nostre idee per confrontarle con tutti i soggetti di cui ho parlato sopra. Costruiamo queste idee in un modo di fare politica che esca dallo schema dell&#8217;organizzazione e delle iniziative solo a livello di sezioni e dispieghiamo il lavoro dei nostri compagni, di chi ha voglia di darci una mano, nei luoghi dove vivono e lavorano tutti i soggetti di cui parlavo prima.<br \/>\nNei luoghi dove danno il loro contributo tanti giovani lavoratori con impieghi flessibili che non danno loro una prospettiva solida. Costruiamo le nostre piattaforme con loro, per ricercare questa prospettiva possibile dando segnali tangibili, dove possiamo, di &quot;voler caricare questi lavori di diritti fondamentali&quot;, come ha detto ieri un compagno della sinistra giovanile.<br \/>\nApriamoci a questi giovani e al loro contributo, prima di tutto ai giovani della sinistra giovanile che stanno facendo il forum dei giovani eletti nei consigli comunali del circondario, che ci chiedono un diritto di cittadinanza pieno nel nostro partito.<br \/>\nChe si metta in relazione con i luoghi della cultura, del tempo libero. C&#8217;\u00e8 sempre pi\u00f9 organizzazione del tempo libero nei soggetti familiari e individuali. E&#8217; l\u00ec che dobbiamo andare a intercettare questi soggetti nella loro collocazione collettiva. Poniamoci verso la comunit\u00e0 come una grande forza che lavora con le persone per costruire nuova socialit\u00e0, indicando e costruendo un futuro e uno sviluppo per la nostra area.<br \/>\nE&#8217; in questo, collegata a questo, il ruolo che una forza come la nostra pu\u00f2 avere verso la questione dei giovani e della costruzione di una nuova classe dirigente. Per superare quella contraddizione che sembra vivere anche il nostro partito come la societ\u00e0 italiana: manca classe dirigente nuova e ci sono tante giovani forze qualificate a disposizione.<br \/>\nSpazio per qualit\u00e0 \u00e8 talvolta impedito. Non certo per un problema di potere. Ma va favorito attraverso una atteggiamento di forte attenzione e di adeguamento degli strumenti: luoghi di confronto e approfondimento, scuola, istituto di formazione politica. Vediamo se riusciamo a farlo.<\/p>\n","protected":false},"excerpt":{"rendered":"<p>Credo abbiamo davanti un lavoro difficile e impegnativo che richiede il massimo da tutti noi, nuove idee, forte coesione del partito, gran entusiasmo e gioco di squadra da parte di tutti noi singoli componenti di questa forza che vogliamo migliore. Lavoro difficile. Abbiamo detto, molti interventi e la relazione l&#8217;hanno detto: -L&#8217;Italia \u00e8 un Paese [&hellip;]<\/p>\n","protected":false},"author":1,"featured_media":976,"comment_status":"open","ping_status":"open","sticky":false,"template":"","format":"standard","meta":{"om_disable_all_campaigns":false,"_monsterinsights_skip_tracking":false,"_monsterinsights_sitenote_active":false,"_monsterinsights_sitenote_note":"","_monsterinsights_sitenote_category":0,"ocean_post_layout":"","ocean_both_sidebars_style":"","ocean_both_sidebars_content_width":0,"ocean_both_sidebars_sidebars_width":0,"ocean_sidebar":"","ocean_second_sidebar":"","ocean_disable_margins":"enable","ocean_add_body_class":"","ocean_shortcode_before_top_bar":"","ocean_shortcode_after_top_bar":"","ocean_shortcode_before_header":"","ocean_shortcode_after_header":"","ocean_has_shortcode":"","ocean_shortcode_after_title":"","ocean_shortcode_before_footer_widgets":"","ocean_shortcode_after_footer_widgets":"","ocean_shortcode_before_footer_bottom":"","ocean_shortcode_after_footer_bottom":"","ocean_display_top_bar":"default","ocean_display_header":"default","ocean_header_style":"","ocean_center_header_left_menu":"","ocean_custom_header_template":"","ocean_custom_logo":0,"ocean_custom_retina_logo":0,"ocean_custom_logo_max_width":0,"ocean_custom_logo_tablet_max_width":0,"ocean_custom_logo_mobile_max_width":0,"ocean_custom_logo_max_height":0,"ocean_custom_logo_tablet_max_height":0,"ocean_custom_logo_mobile_max_height":0,"ocean_header_custom_menu":"","ocean_menu_typo_font_family":"","ocean_menu_typo_font_subset":"","ocean_menu_typo_font_size":0,"ocean_menu_typo_font_size_tablet":0,"ocean_menu_typo_font_size_mobile":0,"ocean_menu_typo_font_size_unit":"px","ocean_menu_typo_font_weight":"","ocean_menu_typo_font_weight_tablet":"","ocean_menu_typo_font_weight_mobile":"","ocean_menu_typo_transform":"","ocean_menu_typo_transform_tablet":"","ocean_menu_typo_transform_mobile":"","ocean_menu_typo_line_height":0,"ocean_menu_typo_line_height_tablet":0,"ocean_menu_typo_line_height_mobile":0,"ocean_menu_typo_line_height_unit":"","ocean_menu_typo_spacing":0,"ocean_menu_typo_spacing_tablet":0,"ocean_menu_typo_spacing_mobile":0,"ocean_menu_typo_spacing_unit":"","ocean_menu_link_color":"","ocean_menu_link_color_hover":"","ocean_menu_link_color_active":"","ocean_menu_link_background":"","ocean_menu_link_hover_background":"","ocean_menu_link_active_background":"","ocean_menu_social_links_bg":"","ocean_menu_social_hover_links_bg":"","ocean_menu_social_links_color":"","ocean_menu_social_hover_links_color":"","ocean_disable_title":"default","ocean_disable_heading":"default","ocean_post_title":"","ocean_post_subheading":"","ocean_post_title_style":"","ocean_post_title_background_color":"","ocean_post_title_background":0,"ocean_post_title_bg_image_position":"","ocean_post_title_bg_image_attachment":"","ocean_post_title_bg_image_repeat":"","ocean_post_title_bg_image_size":"","ocean_post_title_height":0,"ocean_post_title_bg_overlay":0.5,"ocean_post_title_bg_overlay_color":"","ocean_disable_breadcrumbs":"default","ocean_breadcrumbs_color":"","ocean_breadcrumbs_separator_color":"","ocean_breadcrumbs_links_color":"","ocean_breadcrumbs_links_hover_color":"","ocean_display_footer_widgets":"default","ocean_display_footer_bottom":"default","ocean_custom_footer_template":"","ocean_post_oembed":"","ocean_post_self_hosted_media":"","ocean_post_video_embed":"","ocean_link_format":"","ocean_link_format_target":"self","ocean_quote_format":"","ocean_quote_format_link":"post","ocean_gallery_link_images":"on","ocean_gallery_id":[],"footnotes":""},"categories":[1],"tags":[86,60],"class_list":["post-800","post","type-post","status-publish","format-standard","has-post-thumbnail","hentry","category-blog","tag-ds","tag-politica","entry","has-media"],"aioseo_notices":[],"_links":{"self":[{"href":"https:\/\/vittoriobugli.it\/index.php?rest_route=\/wp\/v2\/posts\/800","targetHints":{"allow":["GET"]}}],"collection":[{"href":"https:\/\/vittoriobugli.it\/index.php?rest_route=\/wp\/v2\/posts"}],"about":[{"href":"https:\/\/vittoriobugli.it\/index.php?rest_route=\/wp\/v2\/types\/post"}],"author":[{"embeddable":true,"href":"https:\/\/vittoriobugli.it\/index.php?rest_route=\/wp\/v2\/users\/1"}],"replies":[{"embeddable":true,"href":"https:\/\/vittoriobugli.it\/index.php?rest_route=%2Fwp%2Fv2%2Fcomments&post=800"}],"version-history":[{"count":2,"href":"https:\/\/vittoriobugli.it\/index.php?rest_route=\/wp\/v2\/posts\/800\/revisions"}],"predecessor-version":[{"id":997,"href":"https:\/\/vittoriobugli.it\/index.php?rest_route=\/wp\/v2\/posts\/800\/revisions\/997"}],"wp:featuredmedia":[{"embeddable":true,"href":"https:\/\/vittoriobugli.it\/index.php?rest_route=\/wp\/v2\/media\/976"}],"wp:attachment":[{"href":"https:\/\/vittoriobugli.it\/index.php?rest_route=%2Fwp%2Fv2%2Fmedia&parent=800"}],"wp:term":[{"taxonomy":"category","embeddable":true,"href":"https:\/\/vittoriobugli.it\/index.php?rest_route=%2Fwp%2Fv2%2Fcategories&post=800"},{"taxonomy":"post_tag","embeddable":true,"href":"https:\/\/vittoriobugli.it\/index.php?rest_route=%2Fwp%2Fv2%2Ftags&post=800"}],"curies":[{"name":"wp","href":"https:\/\/api.w.org\/{rel}","templated":true}]}}