{"id":814,"date":"2007-08-02T14:19:00","date_gmt":"2007-08-02T12:19:00","guid":{"rendered":"https:\/\/vittoriobugli.it\/?p=814"},"modified":"2025-08-18T13:43:04","modified_gmt":"2025-08-18T11:43:04","slug":"2007-08-02-il-por-piano-operativo-regionale-creo-consigliereregionale-economia-ue-fesr","status":"publish","type":"post","link":"https:\/\/vittoriobugli.it\/?p=814","title":{"rendered":"Il POR &#8211; Piano Operativo Regionale CReO"},"content":{"rendered":"<p>La Toscana \u00e8 nel gruppo delle prime Regioni italiane che hanno ottenuto l&#8217;ok di Bruxelles. Da oggi sono disponibili risorse finanziarie per un miliardo e 126 milioni di euro che la Regione, in linea con la programmazione regionale e gli orientamenti strategici comunitari, utilizzer\u00e0 per rafforzare l&#8217;economia e per qualificare il sistema delle infrastrutture (servizi e opere pubbliche per le imprese e le comunit\u00e0 locali). La Commissione europea ha infatti approvato il Programma operativo regionale Obiettivo &quot;Competitivit\u00e0 regionale e occupazione&quot; 2007-2013 (POR CReO 2007-2013) della Toscana finanziato con il fondo FESR (Fondo europeo di sviluppo regionale). Il POR CReO ha commentato l&#8217;assessore all&#8217;innovazione e alle attivit\u00e0 produttive Ambrogio Brenna \u00e8 una risorsa primaria per qualificare lo sviluppo della Toscana. I risultati del precedente programma, il DocUP Obiettivo 2 2000-2006, ora in fase di esaurimento, sono ottimi. Il POR CReO si inserisce su questa esperienza e abbiamo l&#8217;ambizione di un successo ancora pi\u00f9 ampio. La Regione dar\u00e0 molto spazio ai progetti di investimento delle imprese che puntano<br \/>\nalla ricerca e all&#8217;innovazione. E&#8217; la strada maestra per aiutare gli imprenditori e tutto il sistema Toscana a vincere le sfide della competizione globale. Parte adesso l&#8217;iter amministrativo e procedurale che gi\u00e0 con la ripresa post feriale dar\u00e0 il via concretamente alle iniziative di finanziamento. Gli uffici regionali sono al lavoro per la preparazione dei primi bandi attraverso i quali vengono erogati i contributi ai progetti presentati dagli imprenditori, dagli enti locali e da altri soggetti pubblici. Quali sono i settori che beneficeranno dei finanziamenti? Cinque gli obiettivi prioritari del Programma CReO. La Regione punta a consolidare la competitivit\u00e0 del sistema produttivo regionale promuovendo la ricerca, il trasferimento tecnologico e rafforzando i processi di innovazione e l&#8217;imprenditorialit\u00e0. Incentivi agli investimenti che valorizzano le produzioni locali e promuovono la sostenibilit\u00e0 ambientale. Una quota rilevante di risorse sar\u00e0 destinata al rafforzamento del sistema energetico e alla realizzazione di impianti che sfruttano le fonti rinnovabili. Con questo programma verranno finanziati &quot;grandi progetti&quot; nel settore dei trasporti<br \/>\n(parte della tramvia nell&#8217;area fiorentina, tratti ferroviari nella Toscana del nord) e verranno accolti progetti importanti che ampliano l&#8217;accessibilit\u00e0 per tutti (internet e banda larga nelle zone montane e rurali ancora escluse). Altro obiettivo prioritario sono gli interventi (cultura, turismo) per qualificare le aree urbane e aumentare la competitivit\u00e0 e l&#8217;attrattivit\u00e0 dei sistemi metropolitani sui mercati internazionali.<br \/>\nLa Toscana ha da oggi a disposizione una nuova opportunit\u00e0. E&#8217; rilevante la quantit\u00e0 delle risorse da impiegare, \u00e8 molto snella la tabella di marcia che ha permesso una rapida approvazione da parte di Bruxelles e consentir\u00e0 di partire operativamente nei prossimi mesi. Grazie al lavoro degli uffici regionali, la Toscana ha dimostrato anche questa volta di non mancare i pi\u00f9 importanti appuntamenti con la programmazione comunitaria.<\/p>\n","protected":false},"excerpt":{"rendered":"<p>La Toscana \u00e8 nel gruppo delle prime Regioni italiane che hanno ottenuto l&#8217;ok di Bruxelles. Da oggi sono disponibili risorse finanziarie per un miliardo e 126 milioni di euro che la Regione, in linea con la programmazione regionale e gli orientamenti strategici comunitari, utilizzer\u00e0 per rafforzare l&#8217;economia e per qualificare il sistema delle infrastrutture (servizi [&hellip;]<\/p>\n","protected":false},"author":1,"featured_media":974,"comment_status":"open","ping_status":"open","sticky":false,"template":"","format":"standard","meta":{"om_disable_all_campaigns":false,"_monsterinsights_skip_tracking":false,"_monsterinsights_sitenote_active":false,"_monsterinsights_sitenote_note":"","_monsterinsights_sitenote_category":0,"ocean_post_layout":"","ocean_both_sidebars_style":"","ocean_both_sidebars_content_width":0,"ocean_both_sidebars_sidebars_width":0,"ocean_sidebar":"","ocean_second_sidebar":"","ocean_disable_margins":"enable","ocean_add_body_class":"","ocean_shortcode_before_top_bar":"","ocean_shortcode_after_top_bar":"","ocean_shortcode_before_header":"","ocean_shortcode_after_header":"","ocean_has_shortcode":"","ocean_shortcode_after_title":"","ocean_shortcode_before_footer_widgets":"","ocean_shortcode_after_footer_widgets":"","ocean_shortcode_before_footer_bottom":"","ocean_shortcode_after_footer_bottom":"","ocean_display_top_bar":"default","ocean_display_header":"default","ocean_header_style":"","ocean_center_header_left_menu":"","ocean_custom_header_template":"","ocean_custom_logo":0,"ocean_custom_retina_logo":0,"ocean_custom_logo_max_width":0,"ocean_custom_logo_tablet_max_width":0,"ocean_custom_logo_mobile_max_width":0,"ocean_custom_logo_max_height":0,"ocean_custom_logo_tablet_max_height":0,"ocean_custom_logo_mobile_max_height":0,"ocean_header_custom_menu":"","ocean_menu_typo_font_family":"","ocean_menu_typo_font_subset":"","ocean_menu_typo_font_size":0,"ocean_menu_typo_font_size_tablet":0,"ocean_menu_typo_font_size_mobile":0,"ocean_menu_typo_font_size_unit":"px","ocean_menu_typo_font_weight":"","ocean_menu_typo_font_weight_tablet":"","ocean_menu_typo_font_weight_mobile":"","ocean_menu_typo_transform":"","ocean_menu_typo_transform_tablet":"","ocean_menu_typo_transform_mobile":"","ocean_menu_typo_line_height":0,"ocean_menu_typo_line_height_tablet":0,"ocean_menu_typo_line_height_mobile":0,"ocean_menu_typo_line_height_unit":"","ocean_menu_typo_spacing":0,"ocean_menu_typo_spacing_tablet":0,"ocean_menu_typo_spacing_mobile":0,"ocean_menu_typo_spacing_unit":"","ocean_menu_link_color":"","ocean_menu_link_color_hover":"","ocean_menu_link_color_active":"","ocean_menu_link_background":"","ocean_menu_link_hover_background":"","ocean_menu_link_active_background":"","ocean_menu_social_links_bg":"","ocean_menu_social_hover_links_bg":"","ocean_menu_social_links_color":"","ocean_menu_social_hover_links_color":"","ocean_disable_title":"default","ocean_disable_heading":"default","ocean_post_title":"","ocean_post_subheading":"","ocean_post_title_style":"","ocean_post_title_background_color":"","ocean_post_title_background":0,"ocean_post_title_bg_image_position":"","ocean_post_title_bg_image_attachment":"","ocean_post_title_bg_image_repeat":"","ocean_post_title_bg_image_size":"","ocean_post_title_height":0,"ocean_post_title_bg_overlay":0.5,"ocean_post_title_bg_overlay_color":"","ocean_disable_breadcrumbs":"default","ocean_breadcrumbs_color":"","ocean_breadcrumbs_separator_color":"","ocean_breadcrumbs_links_color":"","ocean_breadcrumbs_links_hover_color":"","ocean_display_footer_widgets":"default","ocean_display_footer_bottom":"default","ocean_custom_footer_template":"","ocean_post_oembed":"","ocean_post_self_hosted_media":"","ocean_post_video_embed":"","ocean_link_format":"","ocean_link_format_target":"self","ocean_quote_format":"","ocean_quote_format_link":"post","ocean_gallery_link_images":"on","ocean_gallery_id":[],"footnotes":""},"categories":[1],"tags":[29,36,84,89,83],"class_list":["post-814","post","type-post","status-publish","format-standard","has-post-thumbnail","hentry","category-blog","tag-consigliere-regionale","tag-economia","tag-fesr","tag-presidentecommissioneeconomia","tag-ue","entry","has-media"],"aioseo_notices":[],"_links":{"self":[{"href":"https:\/\/vittoriobugli.it\/index.php?rest_route=\/wp\/v2\/posts\/814","targetHints":{"allow":["GET"]}}],"collection":[{"href":"https:\/\/vittoriobugli.it\/index.php?rest_route=\/wp\/v2\/posts"}],"about":[{"href":"https:\/\/vittoriobugli.it\/index.php?rest_route=\/wp\/v2\/types\/post"}],"author":[{"embeddable":true,"href":"https:\/\/vittoriobugli.it\/index.php?rest_route=\/wp\/v2\/users\/1"}],"replies":[{"embeddable":true,"href":"https:\/\/vittoriobugli.it\/index.php?rest_route=%2Fwp%2Fv2%2Fcomments&post=814"}],"version-history":[{"count":2,"href":"https:\/\/vittoriobugli.it\/index.php?rest_route=\/wp\/v2\/posts\/814\/revisions"}],"predecessor-version":[{"id":979,"href":"https:\/\/vittoriobugli.it\/index.php?rest_route=\/wp\/v2\/posts\/814\/revisions\/979"}],"wp:featuredmedia":[{"embeddable":true,"href":"https:\/\/vittoriobugli.it\/index.php?rest_route=\/wp\/v2\/media\/974"}],"wp:attachment":[{"href":"https:\/\/vittoriobugli.it\/index.php?rest_route=%2Fwp%2Fv2%2Fmedia&parent=814"}],"wp:term":[{"taxonomy":"category","embeddable":true,"href":"https:\/\/vittoriobugli.it\/index.php?rest_route=%2Fwp%2Fv2%2Fcategories&post=814"},{"taxonomy":"post_tag","embeddable":true,"href":"https:\/\/vittoriobugli.it\/index.php?rest_route=%2Fwp%2Fv2%2Ftags&post=814"}],"curies":[{"name":"wp","href":"https:\/\/api.w.org\/{rel}","templated":true}]}}