{"id":816,"date":"2008-01-03T14:20:00","date_gmt":"2008-01-03T13:20:00","guid":{"rendered":"https:\/\/vittoriobugli.it\/?p=816"},"modified":"2025-08-18T13:42:41","modified_gmt":"2025-08-18T11:42:41","slug":"pd-intervista-al-tirreno-empoli","status":"publish","type":"post","link":"https:\/\/vittoriobugli.it\/?p=816","title":{"rendered":"PD, Intervista al Tirreno Empoli"},"content":{"rendered":"<p>D. &#8211; Che rapporto c&#8217;\u00e8 tra il PD e il futuro dell&#8217;area<br \/>\nR. &#8211; La politica da noi ha sempre saputo svolgere un doppio ruolo: da un lato saper fare da collante tra le esigenze della crescita economica e quelle sociali e di cittadinanza delle persone e dall&#8217;altro saper fare non da freno, ma da attivatore di tutti gli strumenti che servono al sistema per innovarsi, per saper guardare avanti. Mai come in questo momento serve proprio andare a definire cosa occorre perch\u00e9 quest&#8217;area possa stare appieno dentro la modernit\u00e0, essere un&#8217;area europea che stia fortemente nel processo che la Toscana deve fare per stare tra le prime regioni europee. E le chiavi di tutto ci\u00f2 sono: specializzarsi, fare sistema, essere dinamici ed esprimere innovazione ed eccellenza. A tutti i livelli: da quello economico, a quello istituzionale ed amministrativo, a quello sociale, a quello culturale.<br \/>\nD. &#8211; Che responsabilit\u00e0 ha il PD in un&#8217;area dove gi\u00e0 DS + Margherita erano cos\u00ec forti\u2026<br \/>\nR. &#8211; O il Partito Democratico con la sua politica, riesce a dare un&#8217;impronta forte alla societ\u00e0 in questa direzione, o non riusciremo a rimanere tra i &quot;primi&quot;. Vi sono tutte le condizioni. Il PD da noi \u00e8 partito bene, molti giovani e molte donne stanno partecipando al progetto, i &quot;soci fondatori&quot; Ds e Margherita hanno usato intelligenza e non hanno disperso le loro forze migliori, Faenzi sta lavorando bene all&#8217;insegna della coesione e dell&#8217;unit\u00e0. Adesso dobbiamo strutturare la classe dirigente locale ed \u00e8 bene essere aperti a chi ha idee per il futuro della nostra area e ha impostazioni chiare sui temi sensibili dei nostri tempi, come ha detto giustamente anche Fluvi. E diamo anche una organizzazione per temi al partito in modo che possa discutere e decidere del futuro in maniera strutturata con le persone, con il mondo delle imprese, con le tante identit\u00e0 del sociale, del mondo della cultura.<br \/>\nD. &#8211; Che chiavi suggerisce per lo sviluppo visto anche dal livello regionale<br \/>\nR. &#8211; L&#8217;empolese-valdelsa, la Toscana, non sono gran cosa rispetto al mondo di oggi, cos\u00ec fortemente allargato, cos\u00ec strutturato a funzionare sistemicamente su dimensioni mondiali. Per\u00f2 possiamo esserlo se pratichiamo le quattro chiavi di cui parlavo prima.<br \/>\nD. &#8211; Cio\u00e8..<br \/>\nR. &#8211; Se le aziende si specializzano, meglio se lo fanno riuscendo a strutturarsi accrescendo la loro dimensione, se entrano con dinamismo nell&#8217;innovazione e riescono per questo a produrre oggetti e servizi di eccellenza. Non pu\u00f2 esserci sfiducia se esse si sentono un patrimonio essenziale per un sistema in evoluzione che vuole vincere la sfida della modernit\u00e0 facendo ognuno la sua parte in un grande gioco di squadra.<br \/>\nD. &#8211; E il pubblico\u2026<br \/>\nR. &#8211; Al pubblico tocca fare tre cose: accompagnare la ristrutturazione economica per sostenere chi pu\u00f2 rimanere temporaneamente in difficolt\u00e0, riorganizzare la sua capacit\u00e0 istituzionale e amministrativa e mettere a disposizone delle risorse e degli strumenti efficaci. Un buon capo famiglia ha il dovere di tentare di fare di tutto per far quadrare il bilancio e chiedere il sacrificio a tutti i componenti. Ma quando qualche conto inizia a tornare deve avere l&#8217;intelligenza anche di saper dare qualcosa a chi \u00e8 colpito di pi\u00f9 dai sacrifici. Questa \u00e8 la fase che attende prossimamente il Governo: i salari sono bassi per troppe famiglie italiane, il lavoro precario, il futuro incerto. Occorre intervenire su questo. Le prime cose presenti in Finanziaria vanno bene, ma presto dovranno andare oltre. Ad iniziare da chi \u00e8 veramente in difficolt\u00e0 perch\u00e8 ha in casa una persona non autosufficiente: bene che la Regione abbia attivato il progetto a sostegno di queste famiglie mettendo a disposizione una cifra interessante se sommata a quella del Governo. E poi il pubblico non pu\u00f2 chiedere al sistema economico di riorganizzarsi e nel contempo rimanere esso stesso strutturato come 30 anni fa. In Toscana siamo tre milioni e mezzo di abitanti, tanti quanti una piccola citt\u00e0 nella rete del mondo globalizzato. Chi atterra a Peretola, se guarda dal finestrino, vede una citt\u00e0 che si estende da Firenze verso Sud, verso Prato, verso Pistoia, verso Empoli. Questo pezzo di Toscana, quello centrale per lo sviluppo, \u00e8 unito oggettivamente. Non pu\u00f2 rimanere dunque frammentato istituzionalmente. E&#8217; interesse di questa area e interesse di tutti chiedere che venga semplificato e ottimizzato dal punto di vista istituzionale ed essere noi, la nostra area, attraverso i suoi strumenti, essere noi fortemente coesi per dare al meglio il nostro apporto.<br \/>\nD. &#8211; E le risorse\u2026<br \/>\nR. &#8211; Il pubblico non pu\u00f2 avere mille strumenti per mille cosine, ne deve avere uno per fare cose sostanziali, smuovere, stare al passo con il mondo; e che dunque servire alla societ\u00e0, alle imprese, a chi ci lavora. Un po&#8217; di risorse pubbliche ci sono, ma vanno usate bene, non disperse in mille rivoli. Vi sono gli interessanti provvedimenti della finanziaria, vi sono i circa 750 milioni di euro messi a disposizione da qui al 2010 dal piano regionale di sviluppo economico della Regione, vi \u00e8 il nuovo Piano Energetico Regionale che sar\u00e0 sostanziale per un settore in cui vi \u00e8 veramente sviluppo e sul quale si gioca il futuro, vi \u00e8 il nuovo Piano Sanitario Regionale che anch&#8217;esso \u00e8 impostato per costruire crescita economica insieme al miglioramento della salute, vi sono quelle destinate alle infrastrutture, sia locali, per le quali Faenzi poneva giustamente la questione dell&#8217;urgenza, sia regionali, per le quali si pone lo stesso problema. Ma queste risorse vanno usate bene. Quale \u00e8 l&#8217;eccellenza o le eccellenze sulle quali collocare il nostro territorio? Questo occorre definire e su questo costruire progetti innovativi. I soldi si trovano.<br \/>\nD. &#8211; Spesso l&#8217;economia \u00e8 bloccata dalla burocrazia e dalla scarsa efficienza dei servizi\u2026<br \/>\nR. &#8211; E questa \u00e8 un&#8217;ltra grande questione. Rivedere la macchina Amministrativa per fare in modo che, come talvolta accade, anzich\u00e9 essere un freno sia un incentivo al dinamismo del sistema. Ma intanto si pu\u00f2 fare qualcosa di concreto. Il PD nella nostra zona ha rappresentanti istituzionali a tutti i livelli: propongo si attivi un forum tra eletti del PD e mondo delle imprese per analizzare quelle che sono le procedure da modificare e cercare di farlo, concretamente, ognuno per la sua responsabilit\u00e0, per il livello istituzionale a cui appartiene. E per i servizi pubblici oramai la questione \u00e8 europea: servizi sempre pi\u00f9 liberalizzati gestiti da aziende sempre pi\u00f9 strutturate, al di fuori della disputa ideologica pubblico\/privato. Servono strutture efficienti indipendentemente dalla loro ragione sociale ed efficaci strumenti di controllo in mano ai cittadini: su questo la nostra area lavora da anni e possiamo continuare a portare un contributo alto.<br \/>\nD. &#8211; Molto lavoro per il PD allora\u2026<br \/>\nR. &#8211; Il PD deve farsi carico nella nostra area e in Toscana di tutto questo dando il senso alla societ\u00e0 del &quot;colpo di reni&quot; di cui c&#8217;\u00e8 bisogno, anche nell&#8217;azione di governo. E ci\u00f2 pu\u00f2 avvenire solo se la politica che faremo sapr\u00e0 partire da un diverso e pi\u00f9 stretto rapporto con le istanze delle persone e delle varie strutture della societ\u00e0. Per dare questo &quot;senso&quot; servono anche cose concrete, esempi di una riacquisizione del rapporto con i cittadini; come avere il coraggio di correggere una legge elettorale regionale che, alla prova dei fatti, favorisce la frammentazione dei partiti anzich\u00e9 combatterla, ha portato ad un numero troppo elevato di consiglieri regionali, non si coniuga troppo appieno con l&#8217;esigenza che hanno le persone di scegliere i loro candidati.<\/p>\n","protected":false},"excerpt":{"rendered":"<p>D. &#8211; Che rapporto c&#8217;\u00e8 tra il PD e il futuro dell&#8217;area R. &#8211; La politica da noi ha sempre saputo svolgere un doppio ruolo: da un lato saper fare da collante tra le esigenze della crescita economica e quelle sociali e di cittadinanza delle persone e dall&#8217;altro saper fare non da freno, ma da [&hellip;]<\/p>\n","protected":false},"author":1,"featured_media":972,"comment_status":"open","ping_status":"open","sticky":false,"template":"","format":"standard","meta":{"om_disable_all_campaigns":false,"_monsterinsights_skip_tracking":false,"_monsterinsights_sitenote_active":false,"_monsterinsights_sitenote_note":"","_monsterinsights_sitenote_category":0,"ocean_post_layout":"","ocean_both_sidebars_style":"","ocean_both_sidebars_content_width":0,"ocean_both_sidebars_sidebars_width":0,"ocean_sidebar":"","ocean_second_sidebar":"","ocean_disable_margins":"enable","ocean_add_body_class":"","ocean_shortcode_before_top_bar":"","ocean_shortcode_after_top_bar":"","ocean_shortcode_before_header":"","ocean_shortcode_after_header":"","ocean_has_shortcode":"","ocean_shortcode_after_title":"","ocean_shortcode_before_footer_widgets":"","ocean_shortcode_after_footer_widgets":"","ocean_shortcode_before_footer_bottom":"","ocean_shortcode_after_footer_bottom":"","ocean_display_top_bar":"default","ocean_display_header":"default","ocean_header_style":"","ocean_center_header_left_menu":"","ocean_custom_header_template":"","ocean_custom_logo":0,"ocean_custom_retina_logo":0,"ocean_custom_logo_max_width":0,"ocean_custom_logo_tablet_max_width":0,"ocean_custom_logo_mobile_max_width":0,"ocean_custom_logo_max_height":0,"ocean_custom_logo_tablet_max_height":0,"ocean_custom_logo_mobile_max_height":0,"ocean_header_custom_menu":"","ocean_menu_typo_font_family":"","ocean_menu_typo_font_subset":"","ocean_menu_typo_font_size":0,"ocean_menu_typo_font_size_tablet":0,"ocean_menu_typo_font_size_mobile":0,"ocean_menu_typo_font_size_unit":"px","ocean_menu_typo_font_weight":"","ocean_menu_typo_font_weight_tablet":"","ocean_menu_typo_font_weight_mobile":"","ocean_menu_typo_transform":"","ocean_menu_typo_transform_tablet":"","ocean_menu_typo_transform_mobile":"","ocean_menu_typo_line_height":0,"ocean_menu_typo_line_height_tablet":0,"ocean_menu_typo_line_height_mobile":0,"ocean_menu_typo_line_height_unit":"","ocean_menu_typo_spacing":0,"ocean_menu_typo_spacing_tablet":0,"ocean_menu_typo_spacing_mobile":0,"ocean_menu_typo_spacing_unit":"","ocean_menu_link_color":"","ocean_menu_link_color_hover":"","ocean_menu_link_color_active":"","ocean_menu_link_background":"","ocean_menu_link_hover_background":"","ocean_menu_link_active_background":"","ocean_menu_social_links_bg":"","ocean_menu_social_hover_links_bg":"","ocean_menu_social_links_color":"","ocean_menu_social_hover_links_color":"","ocean_disable_title":"default","ocean_disable_heading":"default","ocean_post_title":"","ocean_post_subheading":"","ocean_post_title_style":"","ocean_post_title_background_color":"","ocean_post_title_background":0,"ocean_post_title_bg_image_position":"","ocean_post_title_bg_image_attachment":"","ocean_post_title_bg_image_repeat":"","ocean_post_title_bg_image_size":"","ocean_post_title_height":0,"ocean_post_title_bg_overlay":0.5,"ocean_post_title_bg_overlay_color":"","ocean_disable_breadcrumbs":"default","ocean_breadcrumbs_color":"","ocean_breadcrumbs_separator_color":"","ocean_breadcrumbs_links_color":"","ocean_breadcrumbs_links_hover_color":"","ocean_display_footer_widgets":"default","ocean_display_footer_bottom":"default","ocean_custom_footer_template":"","ocean_post_oembed":"","ocean_post_self_hosted_media":"","ocean_post_video_embed":"","ocean_link_format":"","ocean_link_format_target":"self","ocean_quote_format":"","ocean_quote_format_link":"post","ocean_gallery_link_images":"on","ocean_gallery_id":[],"footnotes":""},"categories":[1],"tags":[29,87,60,89],"class_list":["post-816","post","type-post","status-publish","format-standard","has-post-thumbnail","hentry","category-blog","tag-consigliere-regionale","tag-pd","tag-politica","tag-presidentecommissioneeconomia","entry","has-media"],"aioseo_notices":[],"_links":{"self":[{"href":"https:\/\/vittoriobugli.it\/index.php?rest_route=\/wp\/v2\/posts\/816","targetHints":{"allow":["GET"]}}],"collection":[{"href":"https:\/\/vittoriobugli.it\/index.php?rest_route=\/wp\/v2\/posts"}],"about":[{"href":"https:\/\/vittoriobugli.it\/index.php?rest_route=\/wp\/v2\/types\/post"}],"author":[{"embeddable":true,"href":"https:\/\/vittoriobugli.it\/index.php?rest_route=\/wp\/v2\/users\/1"}],"replies":[{"embeddable":true,"href":"https:\/\/vittoriobugli.it\/index.php?rest_route=%2Fwp%2Fv2%2Fcomments&post=816"}],"version-history":[{"count":2,"href":"https:\/\/vittoriobugli.it\/index.php?rest_route=\/wp\/v2\/posts\/816\/revisions"}],"predecessor-version":[{"id":973,"href":"https:\/\/vittoriobugli.it\/index.php?rest_route=\/wp\/v2\/posts\/816\/revisions\/973"}],"wp:featuredmedia":[{"embeddable":true,"href":"https:\/\/vittoriobugli.it\/index.php?rest_route=\/wp\/v2\/media\/972"}],"wp:attachment":[{"href":"https:\/\/vittoriobugli.it\/index.php?rest_route=%2Fwp%2Fv2%2Fmedia&parent=816"}],"wp:term":[{"taxonomy":"category","embeddable":true,"href":"https:\/\/vittoriobugli.it\/index.php?rest_route=%2Fwp%2Fv2%2Fcategories&post=816"},{"taxonomy":"post_tag","embeddable":true,"href":"https:\/\/vittoriobugli.it\/index.php?rest_route=%2Fwp%2Fv2%2Ftags&post=816"}],"curies":[{"name":"wp","href":"https:\/\/api.w.org\/{rel}","templated":true}]}}