{"id":950,"date":"2005-01-25T08:08:00","date_gmt":"2005-01-25T07:08:00","guid":{"rendered":"https:\/\/vittoriobugli.it\/?p=950"},"modified":"2025-08-19T12:58:38","modified_gmt":"2025-08-19T10:58:38","slug":"primarie-i-ds-scelgono-i-candidati-e-puntano-su-bugli","status":"publish","type":"post","link":"https:\/\/vittoriobugli.it\/?p=950","title":{"rendered":"Primarie, i Ds scelgono i candidati e puntano su Bugli\u00a0"},"content":{"rendered":"\n<p>L&#8217;obiettivo \u00e8 avere una forte rappresentanza in Regione Nella lista anche Veronica Campinoti e Diego Ciulli. Si vota il 20 febbraio<\/p>\n\n\n\n<p>I Democratici di Sinistra dell&#8217;Empolese Valdelsa hanno deciso di utilizzare la nuova legge regionale sulle primarie per la scelta dei propri candidati che si presenteranno alle elezioni regionali del 3 e 4 aprile prossimo. Le elezioni primarie si propongono come uno strumento di partecipazione politica democratica, un momento in cui i cittadini e gli elettori sono chiamati a decidere su uno dei passaggi-chiave della vita democratica, ossia la fase in cui i partiti e le coalizioni decidono sulle candidature da proporre agli elettori.<br>Una forma di consultazione ampia poich\u00e9 tutti gli elettori potranno partecipare alla selezione del maggiore partito dell&#8217;area e della Toscana.<br><br>Ieri, luned\u00ec 24 gennaio, la direzione della Federazione dell&#8217;Empolese Valdelsa, dopo durante il mese di gennaio tutte le unioni comunali erano state coinvolte in questo percorso, si \u00e8 riunita per individuare i criteri e di conseguenza le persone che andranno a comporre la lista provinciale che sar\u00e0 oggetto di primarie.<br><br>Nella scelta dei candidati si \u00e8 tenuto conto di vari aspetti: rappresentare al meglio le varie sensibilit\u00e0 politiche, culturali, di genere, generazionali presenti nell&#8217;area; stimolare tutti i cittadini a partecipare alla scelta con l&#8217;individuazione di persone di qualit\u00e0; puntare ad avere una rappresentanza forte della nostra area per l&#8217;importanza che ha nel quadro regionale andando a far ottenere ad almeno uno dei candidati, Vittorio Bugli, un elevato numero di consensi affinch\u00e9 possa essere uno dei primi della lista provinciale.<br><br>Le candidature proposte sono le seguenti:&nbsp;<br>Vittorio Bugli, ex sindaco di Empoli, uno fra i maggiori protagonisti della vita politica regionale. Artefice della progressiva autonomia dell&#8217;area che ha portato al Circondario importanti nuovi servizi come l&#8217;Universit\u00e0 a Empoli e nuove infrastrutture come il nuovo ospedale o la nuova SS 429. Come Fondatore e Presidente dell&#8217;Associazione per l&#8217;Arno ha consentito di rimettere questa grande risorsa al centro dell&#8217;attenzione della societ\u00e0 toscana. Particolarmente significativa anche l&#8217;opera di riforma del sistema dei servizi pubblici che ha portato ad un miglioramento sensibile dei servizi offerti alle famiglie e alle aziende.<br>Veronica Campinoti, ex sindaco di Montaione, una donna che ha saputo conciliare i tempi della famiglia, ha due figli, con la vita politica riuscendo a consolidare il ruolo del suo comune come il secondo della provincia, dopo Firenze, per permanenze turistiche grazie ad una attenta gestione delle risorse paesaggistiche ed umane.<br><br>Diego Ciulli, classe 1980, studente universitario, di Certaldo, che nonostante la giovane et\u00e0 si \u00e8 distinto nelle battaglie in difesa della scuola pubblica contro l&#8217;operato del ministro Moratti che porter\u00e0 alla distruzione del sistema pubblico. Dal 2000 \u00e8 iscritto alla Sinistra Giovanile, nel dicembre 2001 \u00e8 stato nominato responsabile scuola della segreteria regionale della Sg, mentre nel febbraio 2002 \u00e8 stato eletto portavoce toscano dell&#8217;associazione studentesca Studenti.net. Nel 2001, dopo il Congresso Ds di Pesaro, entra nella segreteria dei Ds di Certaldo e nella direzione federale, incarichi che ricopre attualmente mentre nella Sinistra Giovanile si occupa da marzo 2004 di Organizzazione.<br><br>Si voter\u00e0 domenica 20 febbraio 2005 dalle ore 8 alle ore 20 in tutti i comuni della Toscana. Le primarie sono aperte a tutti gli elettori che esercitano il diritto di voto alle elezioni regionali. Ogni elettore pu\u00f2 esprimere un solo voto. La legge prevede l&#8217;istituzione di seggi speciali in tutti i comuni.<\/p>\n","protected":false},"excerpt":{"rendered":"<p>L&#8217;obiettivo \u00e8 avere una forte rappresentanza in Regione Nella lista anche Veronica Campinoti e Diego Ciulli. Si vota il 20 febbraio I Democratici di Sinistra dell&#8217;Empolese Valdelsa hanno deciso di utilizzare la nuova legge regionale sulle primarie per la scelta dei propri candidati che si presenteranno alle elezioni regionali del 3 e 4 aprile prossimo. [&hellip;]<\/p>\n","protected":false},"author":1,"featured_media":951,"comment_status":"open","ping_status":"open","sticky":false,"template":"","format":"standard","meta":{"om_disable_all_campaigns":false,"_monsterinsights_skip_tracking":false,"_monsterinsights_sitenote_active":false,"_monsterinsights_sitenote_note":"","_monsterinsights_sitenote_category":0,"ocean_post_layout":"","ocean_both_sidebars_style":"","ocean_both_sidebars_content_width":0,"ocean_both_sidebars_sidebars_width":0,"ocean_sidebar":"","ocean_second_sidebar":"","ocean_disable_margins":"enable","ocean_add_body_class":"","ocean_shortcode_before_top_bar":"","ocean_shortcode_after_top_bar":"","ocean_shortcode_before_header":"","ocean_shortcode_after_header":"","ocean_has_shortcode":"","ocean_shortcode_after_title":"","ocean_shortcode_before_footer_widgets":"","ocean_shortcode_after_footer_widgets":"","ocean_shortcode_before_footer_bottom":"","ocean_shortcode_after_footer_bottom":"","ocean_display_top_bar":"default","ocean_display_header":"default","ocean_header_style":"","ocean_center_header_left_menu":"","ocean_custom_header_template":"","ocean_custom_logo":0,"ocean_custom_retina_logo":0,"ocean_custom_logo_max_width":0,"ocean_custom_logo_tablet_max_width":0,"ocean_custom_logo_mobile_max_width":0,"ocean_custom_logo_max_height":0,"ocean_custom_logo_tablet_max_height":0,"ocean_custom_logo_mobile_max_height":0,"ocean_header_custom_menu":"","ocean_menu_typo_font_family":"","ocean_menu_typo_font_subset":"","ocean_menu_typo_font_size":0,"ocean_menu_typo_font_size_tablet":0,"ocean_menu_typo_font_size_mobile":0,"ocean_menu_typo_font_size_unit":"px","ocean_menu_typo_font_weight":"","ocean_menu_typo_font_weight_tablet":"","ocean_menu_typo_font_weight_mobile":"","ocean_menu_typo_transform":"","ocean_menu_typo_transform_tablet":"","ocean_menu_typo_transform_mobile":"","ocean_menu_typo_line_height":0,"ocean_menu_typo_line_height_tablet":0,"ocean_menu_typo_line_height_mobile":0,"ocean_menu_typo_line_height_unit":"","ocean_menu_typo_spacing":0,"ocean_menu_typo_spacing_tablet":0,"ocean_menu_typo_spacing_mobile":0,"ocean_menu_typo_spacing_unit":"","ocean_menu_link_color":"","ocean_menu_link_color_hover":"","ocean_menu_link_color_active":"","ocean_menu_link_background":"","ocean_menu_link_hover_background":"","ocean_menu_link_active_background":"","ocean_menu_social_links_bg":"","ocean_menu_social_hover_links_bg":"","ocean_menu_social_links_color":"","ocean_menu_social_hover_links_color":"","ocean_disable_title":"default","ocean_disable_heading":"default","ocean_post_title":"","ocean_post_subheading":"","ocean_post_title_style":"","ocean_post_title_background_color":"","ocean_post_title_background":0,"ocean_post_title_bg_image_position":"","ocean_post_title_bg_image_attachment":"","ocean_post_title_bg_image_repeat":"","ocean_post_title_bg_image_size":"","ocean_post_title_height":0,"ocean_post_title_bg_overlay":0.5,"ocean_post_title_bg_overlay_color":"","ocean_disable_breadcrumbs":"default","ocean_breadcrumbs_color":"","ocean_breadcrumbs_separator_color":"","ocean_breadcrumbs_links_color":"","ocean_breadcrumbs_links_hover_color":"","ocean_display_footer_widgets":"default","ocean_display_footer_bottom":"default","ocean_custom_footer_template":"","ocean_post_oembed":"","ocean_post_self_hosted_media":"","ocean_post_video_embed":"","ocean_link_format":"","ocean_link_format_target":"self","ocean_quote_format":"","ocean_quote_format_link":"post","ocean_gallery_link_images":"on","ocean_gallery_id":[],"footnotes":""},"categories":[1],"tags":[82,60],"class_list":["post-950","post","type-post","status-publish","format-standard","has-post-thumbnail","hentry","category-blog","tag-elezioni","tag-politica","entry","has-media"],"aioseo_notices":[],"_links":{"self":[{"href":"https:\/\/vittoriobugli.it\/index.php?rest_route=\/wp\/v2\/posts\/950","targetHints":{"allow":["GET"]}}],"collection":[{"href":"https:\/\/vittoriobugli.it\/index.php?rest_route=\/wp\/v2\/posts"}],"about":[{"href":"https:\/\/vittoriobugli.it\/index.php?rest_route=\/wp\/v2\/types\/post"}],"author":[{"embeddable":true,"href":"https:\/\/vittoriobugli.it\/index.php?rest_route=\/wp\/v2\/users\/1"}],"replies":[{"embeddable":true,"href":"https:\/\/vittoriobugli.it\/index.php?rest_route=%2Fwp%2Fv2%2Fcomments&post=950"}],"version-history":[{"count":2,"href":"https:\/\/vittoriobugli.it\/index.php?rest_route=\/wp\/v2\/posts\/950\/revisions"}],"predecessor-version":[{"id":1075,"href":"https:\/\/vittoriobugli.it\/index.php?rest_route=\/wp\/v2\/posts\/950\/revisions\/1075"}],"wp:featuredmedia":[{"embeddable":true,"href":"https:\/\/vittoriobugli.it\/index.php?rest_route=\/wp\/v2\/media\/951"}],"wp:attachment":[{"href":"https:\/\/vittoriobugli.it\/index.php?rest_route=%2Fwp%2Fv2%2Fmedia&parent=950"}],"wp:term":[{"taxonomy":"category","embeddable":true,"href":"https:\/\/vittoriobugli.it\/index.php?rest_route=%2Fwp%2Fv2%2Fcategories&post=950"},{"taxonomy":"post_tag","embeddable":true,"href":"https:\/\/vittoriobugli.it\/index.php?rest_route=%2Fwp%2Fv2%2Ftags&post=950"}],"curies":[{"name":"wp","href":"https:\/\/api.w.org\/{rel}","templated":true}]}}