{"id":953,"date":"2005-02-02T08:32:00","date_gmt":"2005-02-02T07:32:00","guid":{"rendered":"https:\/\/vittoriobugli.it\/?p=953"},"modified":"2025-08-19T12:59:13","modified_gmt":"2025-08-19T10:59:13","slug":"primarie-e-il-via-la-campagna-di-tesseramento-del-2005-dei-ds","status":"publish","type":"post","link":"https:\/\/vittoriobugli.it\/?p=953","title":{"rendered":"Primarie, iniziative insieme al via della campagna di tesseramento del 2005 dei Ds"},"content":{"rendered":"\n<p>COMUNICATO STAMPA<\/p>\n\n\n\n<p>Domenica 6 febbraio le sezioni dei Democratici di Sinistra saranno aperte per lanciare la campagna di tesseramento 2005 dell&#8217;Unione comunale di Empoli. Sar\u00e0 una prima occasione di incontro e confronto alla vigilia di importanti appuntamenti elettorali: le elezioni primarie del 20 febbraio e quelle regionali del 3\/4 aprile.<\/p>\n\n\n\n<p>Presso la Federazione Ds in via Fabiani, 64 a Empoli sar\u00e0 possibile rinnovare la tessera di iscrizione al partito e informarsi sulle prossime scadenze elettorali. Sar\u00e0 disponibile anche il materiale sulle elezioni primarie, che per il carattere di assoluta novit\u00e0 della legge regionale toscana, rappresentano un&#8217;occasione importantissima di partecipazione democratica.<br>Le elezioni primarie permetteranno di poter scegliere direttamente i candidati al Consiglio regionale. Per avere una rappresentanza del nostro Circondario in Regione, \u00e8 necessario raccogliere un grande numero di preferenze. Per questo \u00e8 molto importante andare a votare il 20 febbraio.<\/p>\n\n\n\n<p>Possono partecipare al voto tutti gli elettori, presentandosi al proprio seggio, con un documento d&#8217;identit\u00e0. I seggi sono costituiti dai Comuni, che comunicheranno ai cittadini le sezioni in cui votare. Si pu\u00f2 esprimere una sola preferenza. Il numero dei voti ottenuti da ciascun candidato determina l&#8217;ordine di inserimento nella lista che sar\u00e0 presentata alle elezioni regionali.<\/p>\n","protected":false},"excerpt":{"rendered":"<p>COMUNICATO STAMPA Domenica 6 febbraio le sezioni dei Democratici di Sinistra saranno aperte per lanciare la campagna di tesseramento 2005 dell&#8217;Unione comunale di Empoli. Sar\u00e0 una prima occasione di incontro e confronto alla vigilia di importanti appuntamenti elettorali: le elezioni primarie del 20 febbraio e quelle regionali del 3\/4 aprile. Presso la Federazione Ds in [&hellip;]<\/p>\n","protected":false},"author":1,"featured_media":951,"comment_status":"open","ping_status":"open","sticky":false,"template":"","format":"standard","meta":{"om_disable_all_campaigns":false,"_monsterinsights_skip_tracking":false,"_monsterinsights_sitenote_active":false,"_monsterinsights_sitenote_note":"","_monsterinsights_sitenote_category":0,"ocean_post_layout":"","ocean_both_sidebars_style":"","ocean_both_sidebars_content_width":0,"ocean_both_sidebars_sidebars_width":0,"ocean_sidebar":"","ocean_second_sidebar":"","ocean_disable_margins":"enable","ocean_add_body_class":"","ocean_shortcode_before_top_bar":"","ocean_shortcode_after_top_bar":"","ocean_shortcode_before_header":"","ocean_shortcode_after_header":"","ocean_has_shortcode":"","ocean_shortcode_after_title":"","ocean_shortcode_before_footer_widgets":"","ocean_shortcode_after_footer_widgets":"","ocean_shortcode_before_footer_bottom":"","ocean_shortcode_after_footer_bottom":"","ocean_display_top_bar":"default","ocean_display_header":"default","ocean_header_style":"","ocean_center_header_left_menu":"","ocean_custom_header_template":"","ocean_custom_logo":0,"ocean_custom_retina_logo":0,"ocean_custom_logo_max_width":0,"ocean_custom_logo_tablet_max_width":0,"ocean_custom_logo_mobile_max_width":0,"ocean_custom_logo_max_height":0,"ocean_custom_logo_tablet_max_height":0,"ocean_custom_logo_mobile_max_height":0,"ocean_header_custom_menu":"","ocean_menu_typo_font_family":"","ocean_menu_typo_font_subset":"","ocean_menu_typo_font_size":0,"ocean_menu_typo_font_size_tablet":0,"ocean_menu_typo_font_size_mobile":0,"ocean_menu_typo_font_size_unit":"px","ocean_menu_typo_font_weight":"","ocean_menu_typo_font_weight_tablet":"","ocean_menu_typo_font_weight_mobile":"","ocean_menu_typo_transform":"","ocean_menu_typo_transform_tablet":"","ocean_menu_typo_transform_mobile":"","ocean_menu_typo_line_height":0,"ocean_menu_typo_line_height_tablet":0,"ocean_menu_typo_line_height_mobile":0,"ocean_menu_typo_line_height_unit":"","ocean_menu_typo_spacing":0,"ocean_menu_typo_spacing_tablet":0,"ocean_menu_typo_spacing_mobile":0,"ocean_menu_typo_spacing_unit":"","ocean_menu_link_color":"","ocean_menu_link_color_hover":"","ocean_menu_link_color_active":"","ocean_menu_link_background":"","ocean_menu_link_hover_background":"","ocean_menu_link_active_background":"","ocean_menu_social_links_bg":"","ocean_menu_social_hover_links_bg":"","ocean_menu_social_links_color":"","ocean_menu_social_hover_links_color":"","ocean_disable_title":"default","ocean_disable_heading":"default","ocean_post_title":"","ocean_post_subheading":"","ocean_post_title_style":"","ocean_post_title_background_color":"","ocean_post_title_background":0,"ocean_post_title_bg_image_position":"","ocean_post_title_bg_image_attachment":"","ocean_post_title_bg_image_repeat":"","ocean_post_title_bg_image_size":"","ocean_post_title_height":0,"ocean_post_title_bg_overlay":0.5,"ocean_post_title_bg_overlay_color":"","ocean_disable_breadcrumbs":"default","ocean_breadcrumbs_color":"","ocean_breadcrumbs_separator_color":"","ocean_breadcrumbs_links_color":"","ocean_breadcrumbs_links_hover_color":"","ocean_display_footer_widgets":"default","ocean_display_footer_bottom":"default","ocean_custom_footer_template":"","ocean_post_oembed":"","ocean_post_self_hosted_media":"","ocean_post_video_embed":"","ocean_link_format":"","ocean_link_format_target":"self","ocean_quote_format":"","ocean_quote_format_link":"post","ocean_gallery_link_images":"on","ocean_gallery_id":[],"footnotes":""},"categories":[1],"tags":[82,60],"class_list":["post-953","post","type-post","status-publish","format-standard","has-post-thumbnail","hentry","category-blog","tag-elezioni","tag-politica","entry","has-media"],"aioseo_notices":[],"_links":{"self":[{"href":"https:\/\/vittoriobugli.it\/index.php?rest_route=\/wp\/v2\/posts\/953","targetHints":{"allow":["GET"]}}],"collection":[{"href":"https:\/\/vittoriobugli.it\/index.php?rest_route=\/wp\/v2\/posts"}],"about":[{"href":"https:\/\/vittoriobugli.it\/index.php?rest_route=\/wp\/v2\/types\/post"}],"author":[{"embeddable":true,"href":"https:\/\/vittoriobugli.it\/index.php?rest_route=\/wp\/v2\/users\/1"}],"replies":[{"embeddable":true,"href":"https:\/\/vittoriobugli.it\/index.php?rest_route=%2Fwp%2Fv2%2Fcomments&post=953"}],"version-history":[{"count":2,"href":"https:\/\/vittoriobugli.it\/index.php?rest_route=\/wp\/v2\/posts\/953\/revisions"}],"predecessor-version":[{"id":1076,"href":"https:\/\/vittoriobugli.it\/index.php?rest_route=\/wp\/v2\/posts\/953\/revisions\/1076"}],"wp:featuredmedia":[{"embeddable":true,"href":"https:\/\/vittoriobugli.it\/index.php?rest_route=\/wp\/v2\/media\/951"}],"wp:attachment":[{"href":"https:\/\/vittoriobugli.it\/index.php?rest_route=%2Fwp%2Fv2%2Fmedia&parent=953"}],"wp:term":[{"taxonomy":"category","embeddable":true,"href":"https:\/\/vittoriobugli.it\/index.php?rest_route=%2Fwp%2Fv2%2Fcategories&post=953"},{"taxonomy":"post_tag","embeddable":true,"href":"https:\/\/vittoriobugli.it\/index.php?rest_route=%2Fwp%2Fv2%2Ftags&post=953"}],"curies":[{"name":"wp","href":"https:\/\/api.w.org\/{rel}","templated":true}]}}