{"id":955,"date":"2005-02-05T08:37:00","date_gmt":"2005-02-05T07:37:00","guid":{"rendered":"https:\/\/vittoriobugli.it\/?p=955"},"modified":"2025-08-19T12:59:31","modified_gmt":"2025-08-19T10:59:31","slug":"comincia-il-tour-elettorale-di-vittorio-bugli","status":"publish","type":"post","link":"https:\/\/vittoriobugli.it\/?p=955","title":{"rendered":"Primarie, inizia il tour elettorale di Vittorio Bugli"},"content":{"rendered":"\n<p><em>L&#8217;ex sindaco di Empoli, candidato alle primarie, incontra i cittadini del Circondario. Gioved\u00ec Luciano Violante sar\u00e0 alla casa del popolo di Pozzale<\/em><\/p>\n\n\n\n<p>Domani, domenica 6 febbraio le sezioni dei Democratici di Sinistra &nbsp;saranno aperte dalle 10.00 alle 12.00 per lanciare la campagna di tesseramento 2005 dell&#8217;Unione comunale di Empoli. Vittorio Bugli, candidato alle elezioni primarie, incontrer\u00e0 i compagni per parlare con loro dell&#8217;imminente appuntamento elettorale.<br><br>Per le elezioni primarie, in quanto strumento assolutamente nuovo di consultazione democratica, \u00e8 necessaria un&#8217;approfondita informazione, ed \u00e8 per questo che la Federazione Ds dell&#8217;Empolese Valdelsa ha messo a disposizione la sede di Via Fabiani 64 a Empoli, come punto di confronto con tutti i cittadini che desiderino avere materiale e indicazioni precise sulle elezioni primarie e regionali.<br><br>Vittorio Bugli, gi\u00e0 da domani, seguir\u00e0 la campagna di tesseramento 2005 nelle sezioni empolese aperte dalle 10.00 alle 12.00 e sar\u00e0 disponibile per incontrare i cittadini e spiegare loro che le primarie rappresentano un&#8217;occasione importantissima di partecipazione democratica.<br><br>Tanti gli appuntamenti in calendario per il candidato la prossima settimana: luned\u00ec 7 febbraio alle 17.30 al mercato rionale di Sovigliana, alle 21.30 a Lazzaretto; marted\u00ec 8 alle 21.30 presso la sede Ds in piazza Gramsci a Castelfiorentino; mercoled\u00ec alle 10.00 al mercato settimanale di Vinci, alle 21.15 al circolo Avis di Serravalle, via G. Rossa a Empoli, parteciper\u00e0 insieme all&#8217;assessore provinciale all&#8217;Ambiente Luigi Nigi all&#8217;incontro &#8220;I Ds pronti alla sfida delle regionali&#8221; ; gioved\u00ec 10 alle 21.15 incontro alle 21.15 alla casa del popolo di Montespertoli; venerd\u00ec 11 alle 21.15 alla casa del popolo di Casenuove; sabato 12 alle 15.30 a Fucecchio e alle 20 cena alla casa del popolo di Fontanella, Empoli.<\/p>\n","protected":false},"excerpt":{"rendered":"<p>L&#8217;ex sindaco di Empoli, candidato alle primarie, incontra i cittadini del Circondario. Gioved\u00ec Luciano Violante sar\u00e0 alla casa del popolo di Pozzale Domani, domenica 6 febbraio le sezioni dei Democratici di Sinistra &nbsp;saranno aperte dalle 10.00 alle 12.00 per lanciare la campagna di tesseramento 2005 dell&#8217;Unione comunale di Empoli. Vittorio Bugli, candidato alle elezioni primarie, [&hellip;]<\/p>\n","protected":false},"author":1,"featured_media":951,"comment_status":"open","ping_status":"open","sticky":false,"template":"","format":"standard","meta":{"om_disable_all_campaigns":false,"_monsterinsights_skip_tracking":false,"_monsterinsights_sitenote_active":false,"_monsterinsights_sitenote_note":"","_monsterinsights_sitenote_category":0,"ocean_post_layout":"","ocean_both_sidebars_style":"","ocean_both_sidebars_content_width":0,"ocean_both_sidebars_sidebars_width":0,"ocean_sidebar":"","ocean_second_sidebar":"","ocean_disable_margins":"enable","ocean_add_body_class":"","ocean_shortcode_before_top_bar":"","ocean_shortcode_after_top_bar":"","ocean_shortcode_before_header":"","ocean_shortcode_after_header":"","ocean_has_shortcode":"","ocean_shortcode_after_title":"","ocean_shortcode_before_footer_widgets":"","ocean_shortcode_after_footer_widgets":"","ocean_shortcode_before_footer_bottom":"","ocean_shortcode_after_footer_bottom":"","ocean_display_top_bar":"default","ocean_display_header":"default","ocean_header_style":"","ocean_center_header_left_menu":"","ocean_custom_header_template":"","ocean_custom_logo":0,"ocean_custom_retina_logo":0,"ocean_custom_logo_max_width":0,"ocean_custom_logo_tablet_max_width":0,"ocean_custom_logo_mobile_max_width":0,"ocean_custom_logo_max_height":0,"ocean_custom_logo_tablet_max_height":0,"ocean_custom_logo_mobile_max_height":0,"ocean_header_custom_menu":"","ocean_menu_typo_font_family":"","ocean_menu_typo_font_subset":"","ocean_menu_typo_font_size":0,"ocean_menu_typo_font_size_tablet":0,"ocean_menu_typo_font_size_mobile":0,"ocean_menu_typo_font_size_unit":"px","ocean_menu_typo_font_weight":"","ocean_menu_typo_font_weight_tablet":"","ocean_menu_typo_font_weight_mobile":"","ocean_menu_typo_transform":"","ocean_menu_typo_transform_tablet":"","ocean_menu_typo_transform_mobile":"","ocean_menu_typo_line_height":0,"ocean_menu_typo_line_height_tablet":0,"ocean_menu_typo_line_height_mobile":0,"ocean_menu_typo_line_height_unit":"","ocean_menu_typo_spacing":0,"ocean_menu_typo_spacing_tablet":0,"ocean_menu_typo_spacing_mobile":0,"ocean_menu_typo_spacing_unit":"","ocean_menu_link_color":"","ocean_menu_link_color_hover":"","ocean_menu_link_color_active":"","ocean_menu_link_background":"","ocean_menu_link_hover_background":"","ocean_menu_link_active_background":"","ocean_menu_social_links_bg":"","ocean_menu_social_hover_links_bg":"","ocean_menu_social_links_color":"","ocean_menu_social_hover_links_color":"","ocean_disable_title":"default","ocean_disable_heading":"default","ocean_post_title":"","ocean_post_subheading":"","ocean_post_title_style":"","ocean_post_title_background_color":"","ocean_post_title_background":0,"ocean_post_title_bg_image_position":"","ocean_post_title_bg_image_attachment":"","ocean_post_title_bg_image_repeat":"","ocean_post_title_bg_image_size":"","ocean_post_title_height":0,"ocean_post_title_bg_overlay":0.5,"ocean_post_title_bg_overlay_color":"","ocean_disable_breadcrumbs":"default","ocean_breadcrumbs_color":"","ocean_breadcrumbs_separator_color":"","ocean_breadcrumbs_links_color":"","ocean_breadcrumbs_links_hover_color":"","ocean_display_footer_widgets":"default","ocean_display_footer_bottom":"default","ocean_custom_footer_template":"","ocean_post_oembed":"","ocean_post_self_hosted_media":"","ocean_post_video_embed":"","ocean_link_format":"","ocean_link_format_target":"self","ocean_quote_format":"","ocean_quote_format_link":"post","ocean_gallery_link_images":"on","ocean_gallery_id":[],"footnotes":""},"categories":[1],"tags":[82,60],"class_list":["post-955","post","type-post","status-publish","format-standard","has-post-thumbnail","hentry","category-blog","tag-elezioni","tag-politica","entry","has-media"],"aioseo_notices":[],"_links":{"self":[{"href":"https:\/\/vittoriobugli.it\/index.php?rest_route=\/wp\/v2\/posts\/955","targetHints":{"allow":["GET"]}}],"collection":[{"href":"https:\/\/vittoriobugli.it\/index.php?rest_route=\/wp\/v2\/posts"}],"about":[{"href":"https:\/\/vittoriobugli.it\/index.php?rest_route=\/wp\/v2\/types\/post"}],"author":[{"embeddable":true,"href":"https:\/\/vittoriobugli.it\/index.php?rest_route=\/wp\/v2\/users\/1"}],"replies":[{"embeddable":true,"href":"https:\/\/vittoriobugli.it\/index.php?rest_route=%2Fwp%2Fv2%2Fcomments&post=955"}],"version-history":[{"count":2,"href":"https:\/\/vittoriobugli.it\/index.php?rest_route=\/wp\/v2\/posts\/955\/revisions"}],"predecessor-version":[{"id":1077,"href":"https:\/\/vittoriobugli.it\/index.php?rest_route=\/wp\/v2\/posts\/955\/revisions\/1077"}],"wp:featuredmedia":[{"embeddable":true,"href":"https:\/\/vittoriobugli.it\/index.php?rest_route=\/wp\/v2\/media\/951"}],"wp:attachment":[{"href":"https:\/\/vittoriobugli.it\/index.php?rest_route=%2Fwp%2Fv2%2Fmedia&parent=955"}],"wp:term":[{"taxonomy":"category","embeddable":true,"href":"https:\/\/vittoriobugli.it\/index.php?rest_route=%2Fwp%2Fv2%2Fcategories&post=955"},{"taxonomy":"post_tag","embeddable":true,"href":"https:\/\/vittoriobugli.it\/index.php?rest_route=%2Fwp%2Fv2%2Ftags&post=955"}],"curies":[{"name":"wp","href":"https:\/\/api.w.org\/{rel}","templated":true}]}}