{"id":957,"date":"2005-02-07T08:45:00","date_gmt":"2005-02-07T07:45:00","guid":{"rendered":"https:\/\/vittoriobugli.it\/?p=957"},"modified":"2025-08-19T12:59:58","modified_gmt":"2025-08-19T10:59:58","slug":"luciano-violante-lancia-la-campagna-per-le-primarie","status":"publish","type":"post","link":"https:\/\/vittoriobugli.it\/?p=957","title":{"rendered":"Primarie, Luciano Violante lancia la campagna"},"content":{"rendered":"\n<p>COMUNICATO STAMPA<\/p>\n\n\n\n<p>Gioved\u00ec 10 febbraio alle 21.30 alla casa del popolo di Pozzale<br>L&#8217;onorevole parler\u00e0 del dopo congresso e delle elezioni regionali<br>Gioved\u00ec 10 febbraio alle 21.30 alla casa del popolo di Pozzale a Empoli ci sar\u00e0 un incontro pubblico con l&#8217;onorevole Luciano Violante. Il deputato, reduce dal congresso nazionale dei Democratici di Sinistra, lancer\u00e0 la campagna elettorale per le primarie e le regionali.<\/p>\n\n\n\n<p>Violante inoltre porter\u00e0 a Empoli i messaggi che sono stati lanciati dalla tre giorni di Roma, anzitutto quello di un partito unito e in buona salute, un partito che ha le idee chiare per governare il Paese, che propone un progetto per l&#8217;Italia, che ha l&#8217;ambizione di misurarsi con le tante novit\u00e0 della scena internazionale e che ha deciso di avviare la costituzione della Federazione dell&#8217;Ulivo.<\/p>\n\n\n\n<p>Intanto domani sera alle 21.30 al circolo Avis di Serravalle, incontro sul tema &#8220;I Ds pronti alla sfida delle regionali&#8221; al quale parteciperanno Vittorio Bugli, candidato alle primarie, e Luigi Nigi, l&#8217;assessore provinciale all&#8217;Ambiente.<\/p>\n","protected":false},"excerpt":{"rendered":"<p>COMUNICATO STAMPA Gioved\u00ec 10 febbraio alle 21.30 alla casa del popolo di PozzaleL&#8217;onorevole parler\u00e0 del dopo congresso e delle elezioni regionaliGioved\u00ec 10 febbraio alle 21.30 alla casa del popolo di Pozzale a Empoli ci sar\u00e0 un incontro pubblico con l&#8217;onorevole Luciano Violante. Il deputato, reduce dal congresso nazionale dei Democratici di Sinistra, lancer\u00e0 la campagna [&hellip;]<\/p>\n","protected":false},"author":1,"featured_media":951,"comment_status":"open","ping_status":"open","sticky":false,"template":"","format":"standard","meta":{"om_disable_all_campaigns":false,"_monsterinsights_skip_tracking":false,"_monsterinsights_sitenote_active":false,"_monsterinsights_sitenote_note":"","_monsterinsights_sitenote_category":0,"ocean_post_layout":"","ocean_both_sidebars_style":"","ocean_both_sidebars_content_width":0,"ocean_both_sidebars_sidebars_width":0,"ocean_sidebar":"","ocean_second_sidebar":"","ocean_disable_margins":"enable","ocean_add_body_class":"","ocean_shortcode_before_top_bar":"","ocean_shortcode_after_top_bar":"","ocean_shortcode_before_header":"","ocean_shortcode_after_header":"","ocean_has_shortcode":"","ocean_shortcode_after_title":"","ocean_shortcode_before_footer_widgets":"","ocean_shortcode_after_footer_widgets":"","ocean_shortcode_before_footer_bottom":"","ocean_shortcode_after_footer_bottom":"","ocean_display_top_bar":"default","ocean_display_header":"default","ocean_header_style":"","ocean_center_header_left_menu":"","ocean_custom_header_template":"","ocean_custom_logo":0,"ocean_custom_retina_logo":0,"ocean_custom_logo_max_width":0,"ocean_custom_logo_tablet_max_width":0,"ocean_custom_logo_mobile_max_width":0,"ocean_custom_logo_max_height":0,"ocean_custom_logo_tablet_max_height":0,"ocean_custom_logo_mobile_max_height":0,"ocean_header_custom_menu":"","ocean_menu_typo_font_family":"","ocean_menu_typo_font_subset":"","ocean_menu_typo_font_size":0,"ocean_menu_typo_font_size_tablet":0,"ocean_menu_typo_font_size_mobile":0,"ocean_menu_typo_font_size_unit":"px","ocean_menu_typo_font_weight":"","ocean_menu_typo_font_weight_tablet":"","ocean_menu_typo_font_weight_mobile":"","ocean_menu_typo_transform":"","ocean_menu_typo_transform_tablet":"","ocean_menu_typo_transform_mobile":"","ocean_menu_typo_line_height":0,"ocean_menu_typo_line_height_tablet":0,"ocean_menu_typo_line_height_mobile":0,"ocean_menu_typo_line_height_unit":"","ocean_menu_typo_spacing":0,"ocean_menu_typo_spacing_tablet":0,"ocean_menu_typo_spacing_mobile":0,"ocean_menu_typo_spacing_unit":"","ocean_menu_link_color":"","ocean_menu_link_color_hover":"","ocean_menu_link_color_active":"","ocean_menu_link_background":"","ocean_menu_link_hover_background":"","ocean_menu_link_active_background":"","ocean_menu_social_links_bg":"","ocean_menu_social_hover_links_bg":"","ocean_menu_social_links_color":"","ocean_menu_social_hover_links_color":"","ocean_disable_title":"default","ocean_disable_heading":"default","ocean_post_title":"","ocean_post_subheading":"","ocean_post_title_style":"","ocean_post_title_background_color":"","ocean_post_title_background":0,"ocean_post_title_bg_image_position":"","ocean_post_title_bg_image_attachment":"","ocean_post_title_bg_image_repeat":"","ocean_post_title_bg_image_size":"","ocean_post_title_height":0,"ocean_post_title_bg_overlay":0.5,"ocean_post_title_bg_overlay_color":"","ocean_disable_breadcrumbs":"default","ocean_breadcrumbs_color":"","ocean_breadcrumbs_separator_color":"","ocean_breadcrumbs_links_color":"","ocean_breadcrumbs_links_hover_color":"","ocean_display_footer_widgets":"default","ocean_display_footer_bottom":"default","ocean_custom_footer_template":"","ocean_post_oembed":"","ocean_post_self_hosted_media":"","ocean_post_video_embed":"","ocean_link_format":"","ocean_link_format_target":"self","ocean_quote_format":"","ocean_quote_format_link":"post","ocean_gallery_link_images":"on","ocean_gallery_id":[],"footnotes":""},"categories":[1],"tags":[82,60],"class_list":["post-957","post","type-post","status-publish","format-standard","has-post-thumbnail","hentry","category-blog","tag-elezioni","tag-politica","entry","has-media"],"aioseo_notices":[],"_links":{"self":[{"href":"https:\/\/vittoriobugli.it\/index.php?rest_route=\/wp\/v2\/posts\/957","targetHints":{"allow":["GET"]}}],"collection":[{"href":"https:\/\/vittoriobugli.it\/index.php?rest_route=\/wp\/v2\/posts"}],"about":[{"href":"https:\/\/vittoriobugli.it\/index.php?rest_route=\/wp\/v2\/types\/post"}],"author":[{"embeddable":true,"href":"https:\/\/vittoriobugli.it\/index.php?rest_route=\/wp\/v2\/users\/1"}],"replies":[{"embeddable":true,"href":"https:\/\/vittoriobugli.it\/index.php?rest_route=%2Fwp%2Fv2%2Fcomments&post=957"}],"version-history":[{"count":3,"href":"https:\/\/vittoriobugli.it\/index.php?rest_route=\/wp\/v2\/posts\/957\/revisions"}],"predecessor-version":[{"id":1079,"href":"https:\/\/vittoriobugli.it\/index.php?rest_route=\/wp\/v2\/posts\/957\/revisions\/1079"}],"wp:featuredmedia":[{"embeddable":true,"href":"https:\/\/vittoriobugli.it\/index.php?rest_route=\/wp\/v2\/media\/951"}],"wp:attachment":[{"href":"https:\/\/vittoriobugli.it\/index.php?rest_route=%2Fwp%2Fv2%2Fmedia&parent=957"}],"wp:term":[{"taxonomy":"category","embeddable":true,"href":"https:\/\/vittoriobugli.it\/index.php?rest_route=%2Fwp%2Fv2%2Fcategories&post=957"},{"taxonomy":"post_tag","embeddable":true,"href":"https:\/\/vittoriobugli.it\/index.php?rest_route=%2Fwp%2Fv2%2Ftags&post=957"}],"curies":[{"name":"wp","href":"https:\/\/api.w.org\/{rel}","templated":true}]}}