{"id":967,"date":"2005-02-21T09:10:00","date_gmt":"2005-02-21T08:10:00","guid":{"rendered":"https:\/\/vittoriobugli.it\/?p=967"},"modified":"2025-08-19T13:07:36","modified_gmt":"2025-08-19T11:07:36","slug":"primarie-bugli-incassa-9026-preferenze-piu-forza-a-questo-territorio","status":"publish","type":"post","link":"https:\/\/vittoriobugli.it\/?p=967","title":{"rendered":"Primarie, Bugli incassa 9026 preferenze: \u201c Pi\u00f9 forza a questo territorio\u201d"},"content":{"rendered":"\n<p>Buono il risultato anche di Ciulli, con 1371 voti, \u00e8 il primo dei non eletti<br>Il risultato delle elezioni primarie \u00e8 stato ottimo in tutta la Provincia di Firenze, ma il Circondario Empolese Vadelsa ha ottenuto un&#8217;affermazione eccezionale con il candidato Vittorio Bugli che ha raggiunto 8.672 preferenze nella nostra zona, con una percentuale del 71,8%, e 9.026 voti in totale. Bugli \u00e8 terzo in Toscana dietro ad Enrico Rossi e Riccardo Conti. I votanti sono stati 12.076, pari a circa il 10% degli aventi diritto.<\/p>\n\n\n\n<p>Vittorio Bugli dichiara : \u201cUn momento di soddisfazione come questo \u00e8 unico. Ringrazio gli elettori del Circondario e i tanti compagni e compagne che hanno lavorato assiduamente in questi giorni perch\u00e9 in quest&#8217;area si affermasse prima di tutto una grande partecipazione. Le tantissime preferenze che ho ottenuto sono il risultato del lavoro di tutti i Comuni del Circondario. E&#8217; la dimostrazione che c&#8217;\u00e8 coesione sulla necessit\u00e0 di portare con forza la nostra voce in Toscana. Una voce che pu\u00f2 dare importanti contributi a tutta la Regione, ma che pu\u00f2 anche richiedere il giusto peso, che questo territorio merita\u201d.<\/p>\n\n\n\n<p>Entusiasta il segretario delle Federazione Massimo Talini: \u201cE&#8217; stato un successo superiore alle migliori aspettative. Il dato regionale con oltre 140.000 votanti testimonia che gli elettori hanno gradito le elezioni primarie. Per noi \u00e8 una grande vittoria di partecipazione. Il Circondario Empolese Valdelsa \u00e8 la prima zona in Toscana per percentuale votanti, circa il 10%. Si \u00e8 quindi riaperto un canale forte fra partito e societ\u00e0. Lo dimostra il fatto che il nostro candidato Vittorio Bugli abbia ottenuto le stesse preferenze del capolista Riccardo Conti, pur contando su un bacino d&#8217;utenza pi\u00f9 ristretto.\u201d<\/p>\n\n\n\n<p>Buono anche il risultato del giovane Diego Ciulli che con 1371 voti \u00e8 il settimo della lista e il primo dei non eletti. A Certaldo, citt\u00e0 dove risiede, Ciulli ha ottenuto un risultato plebiscitario con 992 preferenze, su 1332 votanti.<\/p>\n\n\n\n<p>Veronica Campinoti, ex sindaco di Montaione, ha ricevuto 699 preferenze.<\/p>\n\n\n\n<p>Bugli secondo in Provincia di Firenze e terzo in Toscana dopo Rossi e Conti. Questi i risultati dei pi\u00f9 votati:<\/p>\n\n\n\n<figure class=\"wp-block-table\"><table><tbody><tr><td>FIRENZE:&nbsp;<\/td><td>&nbsp;<\/td><\/tr><tr><td>&nbsp;<\/td><td>Riccardo Conti (9.288)<\/td><\/tr><tr><td>&nbsp;<\/td><td>Vittorio Bugli (9.026)<\/td><\/tr><tr><td>&nbsp;<\/td><td>Adriano Chini (7.525)<\/td><\/tr><tr><td>&nbsp;<\/td><td>Alessia Petraglia (4.349)<\/td><\/tr><tr><td>&nbsp;<\/td><td>Paolo Cocchi (3.654)<\/td><\/tr><tr><td>&nbsp;<\/td><td>Filippo Fossati (3.381)<\/td><\/tr><tr><td>&nbsp;<\/td><td>&nbsp;<\/td><\/tr><tr><td>Arezzo:<\/td><td>&nbsp;<\/td><\/tr><tr><td>&nbsp;<\/td><td>Enzo Brogi (7.206)<\/td><\/tr><tr><td>&nbsp;<\/td><td>Ilio Pasqui (4.154)<\/td><\/tr><tr><td>&nbsp;<\/td><td>&nbsp;<\/td><\/tr><tr><td>Grosseto:<\/td><td>&nbsp;<\/td><\/tr><tr><td>&nbsp;<\/td><td>Annarita Bramerini (3.550)<\/td><\/tr><tr><td>&nbsp;<\/td><td>Loriano Valentini (2534)<\/td><\/tr><tr><td>&nbsp;<\/td><td>&nbsp;<\/td><\/tr><tr><td>Livorno:<\/td><td>&nbsp;<\/td><\/tr><tr><td>&nbsp;<\/td><td>Andrea Manciulli (6.792)<\/td><\/tr><tr><td>&nbsp;<\/td><td>Virgilio Simonti (2.372)<\/td><\/tr><tr><td>&nbsp;<\/td><td>&nbsp;<\/td><\/tr><tr><td>Lucca:<\/td><td>&nbsp;<\/td><\/tr><tr><td>&nbsp;<\/td><td>Ardelio Giovanni Pellegrinotti (5.946)<\/td><\/tr><tr><td>&nbsp;<\/td><td>Stefano Maestrelli (3.148)<\/td><\/tr><tr><td>&nbsp;<\/td><td>&nbsp;<\/td><\/tr><tr><td>&nbsp;<\/td><td>&nbsp;<\/td><\/tr><tr><td>Massa Carrara:<\/td><td>&nbsp;<\/td><\/tr><tr><td>&nbsp;<\/td><td>Anna Annunziata (2.083)<\/td><\/tr><tr><td>&nbsp;<\/td><td>&nbsp;<\/td><\/tr><tr><td>Pisa:<\/td><td>&nbsp;<\/td><\/tr><tr><td>&nbsp;<\/td><td>Enrico Rossi (10.237)<\/td><\/tr><tr><td>&nbsp;<\/td><td>Alfonso Lippi (4.961)<\/td><\/tr><tr><td>&nbsp;<\/td><td>Gino Nunes (3.514)<\/td><\/tr><tr><td>&nbsp;<\/td><td>&nbsp;<\/td><\/tr><tr><td>Pistoia:<\/td><td>&nbsp;<\/td><\/tr><tr><td>&nbsp;<\/td><td>Agostino Fragai (2.929)<\/td><\/tr><tr><td>&nbsp;<\/td><td>Daniela Belliti (1.993)<\/td><\/tr><tr><td>&nbsp;<\/td><td>&nbsp;<\/td><\/tr><tr><td>Prato:<\/td><td>&nbsp;<\/td><\/tr><tr><td>&nbsp;<\/td><td>Fabrizio Mattei (1.992)<\/td><\/tr><tr><td>&nbsp;<\/td><td>Ambra Giorgi (1.879)<\/td><\/tr><tr><td>&nbsp;<\/td><td>&nbsp;<\/td><\/tr><tr><td>Siena:<\/td><td>&nbsp;<\/td><\/tr><tr><td>&nbsp;<\/td><td>Alessandro Starnini (8.354)<\/td><\/tr><tr><td>&nbsp;<\/td><td>Rosanna Pugnalini (5.517)<\/td><\/tr><\/tbody><\/table><\/figure>\n\n\n\n<p>E qui quelli del Circondario:<\/p>\n\n\n\n<div data-wp-interactive=\"core\/file\" class=\"wp-block-file\"><object data-wp-bind--hidden=\"!state.hasPdfPreview\" hidden class=\"wp-block-file__embed\" data=\"https:\/\/vittoriobugli.it\/wp-content\/uploads\/2025\/08\/risultati_circondario.pdf\" type=\"application\/pdf\" style=\"width:100%;height:600px\" aria-label=\"Incorporamento di risultati_circondario.\"><\/object><a id=\"wp-block-file--media-091bb52c-d48d-4ad0-b626-cde66336fd7c\" href=\"https:\/\/vittoriobugli.it\/wp-content\/uploads\/2025\/08\/risultati_circondario.pdf\">risultati_circondario<\/a><a href=\"https:\/\/vittoriobugli.it\/wp-content\/uploads\/2025\/08\/risultati_circondario.pdf\" class=\"wp-block-file__button wp-element-button\" download aria-describedby=\"wp-block-file--media-091bb52c-d48d-4ad0-b626-cde66336fd7c\">Download<\/a><\/div>\n\n\n\n<figure class=\"wp-block-gallery has-nested-images columns-default is-cropped wp-block-gallery-1 is-layout-flex wp-block-gallery-is-layout-flex\">\n<figure class=\"wp-block-image size-large\"><img loading=\"lazy\" decoding=\"async\" width=\"1024\" height=\"768\" data-id=\"1117\" src=\"https:\/\/vittoriobugli.it\/wp-content\/uploads\/2005\/02\/pict0248-1-1024x768.jpg\" alt=\"\" class=\"wp-image-1117\" srcset=\"https:\/\/vittoriobugli.it\/wp-content\/uploads\/2005\/02\/pict0248-1-1024x768.jpg 1024w, https:\/\/vittoriobugli.it\/wp-content\/uploads\/2005\/02\/pict0248-1-300x225.jpg 300w, https:\/\/vittoriobugli.it\/wp-content\/uploads\/2005\/02\/pict0248-1-768x576.jpg 768w, https:\/\/vittoriobugli.it\/wp-content\/uploads\/2005\/02\/pict0248-1-1536x1152.jpg 1536w, https:\/\/vittoriobugli.it\/wp-content\/uploads\/2005\/02\/pict0248-1-2048x1536.jpg 2048w\" sizes=\"auto, (max-width: 1024px) 100vw, 1024px\" \/><figcaption class=\"wp-element-caption\">KONICA MINOLTA DIGITAL CAMERA<\/figcaption><\/figure>\n\n\n\n<figure class=\"wp-block-image size-large\"><img loading=\"lazy\" decoding=\"async\" width=\"1024\" height=\"768\" data-id=\"1116\" src=\"https:\/\/vittoriobugli.it\/wp-content\/uploads\/2005\/02\/pict0249-1-1024x768.jpg\" alt=\"\" class=\"wp-image-1116\" srcset=\"https:\/\/vittoriobugli.it\/wp-content\/uploads\/2005\/02\/pict0249-1-1024x768.jpg 1024w, https:\/\/vittoriobugli.it\/wp-content\/uploads\/2005\/02\/pict0249-1-300x225.jpg 300w, https:\/\/vittoriobugli.it\/wp-content\/uploads\/2005\/02\/pict0249-1-768x576.jpg 768w, https:\/\/vittoriobugli.it\/wp-content\/uploads\/2005\/02\/pict0249-1-1536x1152.jpg 1536w, https:\/\/vittoriobugli.it\/wp-content\/uploads\/2005\/02\/pict0249-1-2048x1536.jpg 2048w\" sizes=\"auto, (max-width: 1024px) 100vw, 1024px\" \/><figcaption class=\"wp-element-caption\">KONICA MINOLTA DIGITAL CAMERA<\/figcaption><\/figure>\n\n\n\n<figure class=\"wp-block-image size-large\"><img loading=\"lazy\" decoding=\"async\" width=\"1024\" height=\"768\" data-id=\"1119\" src=\"https:\/\/vittoriobugli.it\/wp-content\/uploads\/2005\/02\/pict0251-1-1024x768.jpg\" alt=\"\" class=\"wp-image-1119\" srcset=\"https:\/\/vittoriobugli.it\/wp-content\/uploads\/2005\/02\/pict0251-1-1024x768.jpg 1024w, https:\/\/vittoriobugli.it\/wp-content\/uploads\/2005\/02\/pict0251-1-300x225.jpg 300w, https:\/\/vittoriobugli.it\/wp-content\/uploads\/2005\/02\/pict0251-1-768x576.jpg 768w, https:\/\/vittoriobugli.it\/wp-content\/uploads\/2005\/02\/pict0251-1-1536x1152.jpg 1536w, https:\/\/vittoriobugli.it\/wp-content\/uploads\/2005\/02\/pict0251-1-2048x1536.jpg 2048w\" sizes=\"auto, (max-width: 1024px) 100vw, 1024px\" \/><figcaption class=\"wp-element-caption\">KONICA MINOLTA DIGITAL CAMERA<\/figcaption><\/figure>\n\n\n\n<figure class=\"wp-block-image size-large\"><img loading=\"lazy\" decoding=\"async\" width=\"1024\" height=\"768\" data-id=\"1118\" src=\"https:\/\/vittoriobugli.it\/wp-content\/uploads\/2005\/02\/pict0250-1-1024x768.jpg\" alt=\"\" class=\"wp-image-1118\" srcset=\"https:\/\/vittoriobugli.it\/wp-content\/uploads\/2005\/02\/pict0250-1-1024x768.jpg 1024w, https:\/\/vittoriobugli.it\/wp-content\/uploads\/2005\/02\/pict0250-1-300x225.jpg 300w, https:\/\/vittoriobugli.it\/wp-content\/uploads\/2005\/02\/pict0250-1-768x576.jpg 768w, https:\/\/vittoriobugli.it\/wp-content\/uploads\/2005\/02\/pict0250-1-1536x1152.jpg 1536w, https:\/\/vittoriobugli.it\/wp-content\/uploads\/2005\/02\/pict0250-1-2048x1536.jpg 2048w\" sizes=\"auto, (max-width: 1024px) 100vw, 1024px\" \/><figcaption class=\"wp-element-caption\">KONICA MINOLTA DIGITAL CAMERA<\/figcaption><\/figure>\n<\/figure>\n","protected":false},"excerpt":{"rendered":"<p>Buono il risultato anche di Ciulli, con 1371 voti, \u00e8 il primo dei non elettiIl risultato delle elezioni primarie \u00e8 stato ottimo in tutta la Provincia di Firenze, ma il Circondario Empolese Vadelsa ha ottenuto un&#8217;affermazione eccezionale con il candidato Vittorio Bugli che ha raggiunto 8.672 preferenze nella nostra zona, con una percentuale del 71,8%, [&hellip;]<\/p>\n","protected":false},"author":1,"featured_media":951,"comment_status":"open","ping_status":"open","sticky":false,"template":"","format":"standard","meta":{"om_disable_all_campaigns":false,"_monsterinsights_skip_tracking":false,"_monsterinsights_sitenote_active":false,"_monsterinsights_sitenote_note":"","_monsterinsights_sitenote_category":0,"ocean_post_layout":"","ocean_both_sidebars_style":"","ocean_both_sidebars_content_width":0,"ocean_both_sidebars_sidebars_width":0,"ocean_sidebar":"","ocean_second_sidebar":"","ocean_disable_margins":"enable","ocean_add_body_class":"","ocean_shortcode_before_top_bar":"","ocean_shortcode_after_top_bar":"","ocean_shortcode_before_header":"","ocean_shortcode_after_header":"","ocean_has_shortcode":"","ocean_shortcode_after_title":"","ocean_shortcode_before_footer_widgets":"","ocean_shortcode_after_footer_widgets":"","ocean_shortcode_before_footer_bottom":"","ocean_shortcode_after_footer_bottom":"","ocean_display_top_bar":"default","ocean_display_header":"default","ocean_header_style":"","ocean_center_header_left_menu":"","ocean_custom_header_template":"","ocean_custom_logo":0,"ocean_custom_retina_logo":0,"ocean_custom_logo_max_width":0,"ocean_custom_logo_tablet_max_width":0,"ocean_custom_logo_mobile_max_width":0,"ocean_custom_logo_max_height":0,"ocean_custom_logo_tablet_max_height":0,"ocean_custom_logo_mobile_max_height":0,"ocean_header_custom_menu":"","ocean_menu_typo_font_family":"","ocean_menu_typo_font_subset":"","ocean_menu_typo_font_size":0,"ocean_menu_typo_font_size_tablet":0,"ocean_menu_typo_font_size_mobile":0,"ocean_menu_typo_font_size_unit":"px","ocean_menu_typo_font_weight":"","ocean_menu_typo_font_weight_tablet":"","ocean_menu_typo_font_weight_mobile":"","ocean_menu_typo_transform":"","ocean_menu_typo_transform_tablet":"","ocean_menu_typo_transform_mobile":"","ocean_menu_typo_line_height":0,"ocean_menu_typo_line_height_tablet":0,"ocean_menu_typo_line_height_mobile":0,"ocean_menu_typo_line_height_unit":"","ocean_menu_typo_spacing":0,"ocean_menu_typo_spacing_tablet":0,"ocean_menu_typo_spacing_mobile":0,"ocean_menu_typo_spacing_unit":"","ocean_menu_link_color":"","ocean_menu_link_color_hover":"","ocean_menu_link_color_active":"","ocean_menu_link_background":"","ocean_menu_link_hover_background":"","ocean_menu_link_active_background":"","ocean_menu_social_links_bg":"","ocean_menu_social_hover_links_bg":"","ocean_menu_social_links_color":"","ocean_menu_social_hover_links_color":"","ocean_disable_title":"default","ocean_disable_heading":"default","ocean_post_title":"","ocean_post_subheading":"","ocean_post_title_style":"","ocean_post_title_background_color":"","ocean_post_title_background":0,"ocean_post_title_bg_image_position":"","ocean_post_title_bg_image_attachment":"","ocean_post_title_bg_image_repeat":"","ocean_post_title_bg_image_size":"","ocean_post_title_height":0,"ocean_post_title_bg_overlay":0.5,"ocean_post_title_bg_overlay_color":"","ocean_disable_breadcrumbs":"default","ocean_breadcrumbs_color":"","ocean_breadcrumbs_separator_color":"","ocean_breadcrumbs_links_color":"","ocean_breadcrumbs_links_hover_color":"","ocean_display_footer_widgets":"default","ocean_display_footer_bottom":"default","ocean_custom_footer_template":"","ocean_post_oembed":"","ocean_post_self_hosted_media":"","ocean_post_video_embed":"","ocean_link_format":"","ocean_link_format_target":"self","ocean_quote_format":"","ocean_quote_format_link":"post","ocean_gallery_link_images":"on","ocean_gallery_id":[],"footnotes":""},"categories":[1],"tags":[82,60],"class_list":["post-967","post","type-post","status-publish","format-standard","has-post-thumbnail","hentry","category-blog","tag-elezioni","tag-politica","entry","has-media"],"aioseo_notices":[],"_links":{"self":[{"href":"https:\/\/vittoriobugli.it\/index.php?rest_route=\/wp\/v2\/posts\/967","targetHints":{"allow":["GET"]}}],"collection":[{"href":"https:\/\/vittoriobugli.it\/index.php?rest_route=\/wp\/v2\/posts"}],"about":[{"href":"https:\/\/vittoriobugli.it\/index.php?rest_route=\/wp\/v2\/types\/post"}],"author":[{"embeddable":true,"href":"https:\/\/vittoriobugli.it\/index.php?rest_route=\/wp\/v2\/users\/1"}],"replies":[{"embeddable":true,"href":"https:\/\/vittoriobugli.it\/index.php?rest_route=%2Fwp%2Fv2%2Fcomments&post=967"}],"version-history":[{"count":2,"href":"https:\/\/vittoriobugli.it\/index.php?rest_route=\/wp\/v2\/posts\/967\/revisions"}],"predecessor-version":[{"id":1120,"href":"https:\/\/vittoriobugli.it\/index.php?rest_route=\/wp\/v2\/posts\/967\/revisions\/1120"}],"wp:featuredmedia":[{"embeddable":true,"href":"https:\/\/vittoriobugli.it\/index.php?rest_route=\/wp\/v2\/media\/951"}],"wp:attachment":[{"href":"https:\/\/vittoriobugli.it\/index.php?rest_route=%2Fwp%2Fv2%2Fmedia&parent=967"}],"wp:term":[{"taxonomy":"category","embeddable":true,"href":"https:\/\/vittoriobugli.it\/index.php?rest_route=%2Fwp%2Fv2%2Fcategories&post=967"},{"taxonomy":"post_tag","embeddable":true,"href":"https:\/\/vittoriobugli.it\/index.php?rest_route=%2Fwp%2Fv2%2Ftags&post=967"}],"curies":[{"name":"wp","href":"https:\/\/api.w.org\/{rel}","templated":true}]}}